{"id":64954,"date":"2026-04-30T11:57:17","date_gmt":"2026-04-30T16:57:17","guid":{"rendered":"https:\/\/elmercuriomanta.ec\/?p=64954"},"modified":"2026-04-30T11:57:17","modified_gmt":"2026-04-30T16:57:17","slug":"caso-apagon-fiscalia-busca-fijar-fecha-para-formular-cargos-contra-21-personas","status":"publish","type":"post","link":"https:\/\/elmercuriomanta.ec\/index.php\/2026\/04\/30\/caso-apagon-fiscalia-busca-fijar-fecha-para-formular-cargos-contra-21-personas\/","title":{"rendered":"CASO APAG\u00d3N: FISCAL\u00cdA BUSCA FIJAR FECHA PARA FORMULAR CARGOS CONTRA 21 PERSONAS"},"content":{"rendered":"\n<figure class=\"wp-block-image aligncenter size-large is-resized\"><img fetchpriority=\"high\" decoding=\"async\" width=\"1024\" height=\"691\" src=\"https:\/\/elmercuriomanta.ec\/wp-content\/uploads\/2026\/04\/image-392-1024x691.png\" alt=\"\" class=\"wp-image-64955\" style=\"width:453px;height:auto\" srcset=\"https:\/\/elmercuriomanta.ec\/wp-content\/uploads\/2026\/04\/image-392-1024x691.png 1024w, https:\/\/elmercuriomanta.ec\/wp-content\/uploads\/2026\/04\/image-392-300x203.png 300w, https:\/\/elmercuriomanta.ec\/wp-content\/uploads\/2026\/04\/image-392-768x518.png 768w, https:\/\/elmercuriomanta.ec\/wp-content\/uploads\/2026\/04\/image-392.png 1200w\" sizes=\"(max-width: 1024px) 100vw, 1024px\" \/><\/figure>\n\n\n\n<p>La Fiscal\u00eda solicit\u00f3 fijar fecha para la audiencia en la que formular\u00e1 cargos contra 21 personas vinculadas a los contratos suscritos en 2024, entre Celec y Progen, en el marco de las investigaciones en el caso Apag\u00f3n. Si bien el Ministerio P\u00fablico no especific\u00f3 los nombres de las personas que est\u00e1n en esta lista, en la investigaci\u00f3n constan exautoridades del sector, incluyendo al exgerente de Celec, Fabi\u00e1n C. y el exministro de Energ\u00eda, Antonio G.<\/p>\n\n\n\n<p>La investigaci\u00f3n se centra en un posible delito de peculado. La Contralor\u00eda estableci\u00f3 un perjuicio econ\u00f3mico que supera los USD 100 millones, monto que se divide en contratos ejecutados en dos proyectos energ\u00e9ticos ubicados en Guayas y Los R\u00edos. En 2025 se realizaron allanamientos en varias dependencias relacionadas con el sistema el\u00e9ctrico, incluidas oficinas de Celec, el operador nacional y centrales t\u00e9rmicas.<\/p>\n","protected":false},"excerpt":{"rendered":"<p>La Fiscal\u00eda solicit\u00f3 fijar fecha para la audiencia en la que formular\u00e1 cargos contra 21 personas vinculadas a los contratos suscritos en 2024, entre Celec y Progen, en el marco de las investigaciones en el caso Apag\u00f3n. Si bien el Ministerio P\u00fablico no especific\u00f3 los nombres de las personas que est\u00e1n en esta lista, en la investigaci\u00f3n constan exautoridades del sector, incluyendo al exgerente de Celec, Fabi\u00e1n C. y el exministro de Energ\u00eda, Antonio G.<\/p>\n<p>La investigaci\u00f3n se centra en un posible delito de peculado. La Contralor\u00eda estableci\u00f3 un perjuicio econ\u00f3mico que supera los USD 100 millones, monto que se divide en contratos ejecutados en dos proyectos energ\u00e9ticos ubicados en Guayas y Los R\u00edos. En 2025 se realizaron allanamientos en varias dependencias relacionadas con el sistema el\u00e9ctrico, incluidas oficinas de Celec, el operador nacional y centrales t\u00e9rmicas.<\/p>\n","protected":false},"author":12,"featured_media":64955,"comment_status":"open","ping_status":"open","sticky":false,"template":"","format":"standard","meta":{"footnotes":""},"categories":[106],"tags":[],"class_list":["post-64954","post","type-post","status-publish","format-standard","has-post-thumbnail","hentry","category-nacionales"],"_links":{"self":[{"href":"https:\/\/elmercuriomanta.ec\/index.php\/wp-json\/wp\/v2\/posts\/64954","targetHints":{"allow":["GET"]}}],"collection":[{"href":"https:\/\/elmercuriomanta.ec\/index.php\/wp-json\/wp\/v2\/posts"}],"about":[{"href":"https:\/\/elmercuriomanta.ec\/index.php\/wp-json\/wp\/v2\/types\/post"}],"author":[{"embeddable":true,"href":"https:\/\/elmercuriomanta.ec\/index.php\/wp-json\/wp\/v2\/users\/12"}],"replies":[{"embeddable":true,"href":"https:\/\/elmercuriomanta.ec\/index.php\/wp-json\/wp\/v2\/comments?post=64954"}],"version-history":[{"count":1,"href":"https:\/\/elmercuriomanta.ec\/index.php\/wp-json\/wp\/v2\/posts\/64954\/revisions"}],"predecessor-version":[{"id":64956,"href":"https:\/\/elmercuriomanta.ec\/index.php\/wp-json\/wp\/v2\/posts\/64954\/revisions\/64956"}],"wp:featuredmedia":[{"embeddable":true,"href":"https:\/\/elmercuriomanta.ec\/index.php\/wp-json\/wp\/v2\/media\/64955"}],"wp:attachment":[{"href":"https:\/\/elmercuriomanta.ec\/index.php\/wp-json\/wp\/v2\/media?parent=64954"}],"wp:term":[{"taxonomy":"category","embeddable":true,"href":"https:\/\/elmercuriomanta.ec\/index.php\/wp-json\/wp\/v2\/categories?post=64954"},{"taxonomy":"post_tag","embeddable":true,"href":"https:\/\/elmercuriomanta.ec\/index.php\/wp-json\/wp\/v2\/tags?post=64954"}],"curies":[{"name":"wp","href":"https:\/\/api.w.org\/{rel}","templated":true}]}}