{"id":64930,"date":"2026-04-30T10:38:41","date_gmt":"2026-04-30T15:38:41","guid":{"rendered":"https:\/\/elmercuriomanta.ec\/?p=64930"},"modified":"2026-04-30T10:38:41","modified_gmt":"2026-04-30T15:38:41","slug":"el-iva-no-subira-en-ecuador","status":"publish","type":"post","link":"https:\/\/elmercuriomanta.ec\/index.php\/2026\/04\/30\/el-iva-no-subira-en-ecuador\/","title":{"rendered":"EL IVA NO SUBIR\u00c1 EN ECUADOR"},"content":{"rendered":"\n<figure class=\"wp-block-image aligncenter size-full is-resized\"><img fetchpriority=\"high\" decoding=\"async\" width=\"700\" height=\"402\" src=\"https:\/\/elmercuriomanta.ec\/wp-content\/uploads\/2026\/04\/image-387.png\" alt=\"\" class=\"wp-image-64931\" style=\"width:482px;height:auto\" srcset=\"https:\/\/elmercuriomanta.ec\/wp-content\/uploads\/2026\/04\/image-387.png 700w, https:\/\/elmercuriomanta.ec\/wp-content\/uploads\/2026\/04\/image-387-300x172.png 300w\" sizes=\"(max-width: 700px) 100vw, 700px\" \/><\/figure>\n\n\n\n<p>Los rumores sobre un supuesto aumento del IVA y del precio del gas fueron descartados por el Gobierno. El Ministerio de Econom\u00eda y Finanzas (MEF) asegur\u00f3 que no se han tomado decisiones ni se prev\u00e9n cambios en materia tributaria.<\/p>\n\n\n\n<p>La aclaraci\u00f3n surge luego de que en redes sociales circularan versiones que alertaban sobre posibles incrementos, generando incertidumbre entre la ciudadan\u00eda. Desde la cartera de Estado se precis\u00f3 que cualquier modificaci\u00f3n en impuestos, como el IVA, requiere obligatoriamente la aprobaci\u00f3n de una ley por parte de la Asamblea Nacional.<\/p>\n\n\n\n<p><\/p>\n\n\n\n<p><\/p>\n","protected":false},"excerpt":{"rendered":"<p>Los rumores sobre un supuesto aumento del IVA y del precio del gas fueron descartados por el Gobierno. El Ministerio de Econom\u00eda y Finanzas (MEF) asegur\u00f3 que no se han tomado decisiones ni se prev\u00e9n cambios en materia tributaria.<\/p>\n<p>La aclaraci\u00f3n surge luego de que en redes sociales circularan versiones que alertaban sobre posibles incrementos, generando incertidumbre entre la ciudadan\u00eda. Desde la cartera de Estado se precis\u00f3 que cualquier modificaci\u00f3n en impuestos, como el IVA, requiere obligatoriamente la aprobaci\u00f3n de una ley por parte de la Asamblea Nacional.<\/p>\n","protected":false},"author":12,"featured_media":64931,"comment_status":"open","ping_status":"open","sticky":false,"template":"","format":"standard","meta":{"footnotes":""},"categories":[20],"tags":[],"class_list":["post-64930","post","type-post","status-publish","format-standard","has-post-thumbnail","hentry","category-portada-2"],"_links":{"self":[{"href":"https:\/\/elmercuriomanta.ec\/index.php\/wp-json\/wp\/v2\/posts\/64930","targetHints":{"allow":["GET"]}}],"collection":[{"href":"https:\/\/elmercuriomanta.ec\/index.php\/wp-json\/wp\/v2\/posts"}],"about":[{"href":"https:\/\/elmercuriomanta.ec\/index.php\/wp-json\/wp\/v2\/types\/post"}],"author":[{"embeddable":true,"href":"https:\/\/elmercuriomanta.ec\/index.php\/wp-json\/wp\/v2\/users\/12"}],"replies":[{"embeddable":true,"href":"https:\/\/elmercuriomanta.ec\/index.php\/wp-json\/wp\/v2\/comments?post=64930"}],"version-history":[{"count":1,"href":"https:\/\/elmercuriomanta.ec\/index.php\/wp-json\/wp\/v2\/posts\/64930\/revisions"}],"predecessor-version":[{"id":64932,"href":"https:\/\/elmercuriomanta.ec\/index.php\/wp-json\/wp\/v2\/posts\/64930\/revisions\/64932"}],"wp:featuredmedia":[{"embeddable":true,"href":"https:\/\/elmercuriomanta.ec\/index.php\/wp-json\/wp\/v2\/media\/64931"}],"wp:attachment":[{"href":"https:\/\/elmercuriomanta.ec\/index.php\/wp-json\/wp\/v2\/media?parent=64930"}],"wp:term":[{"taxonomy":"category","embeddable":true,"href":"https:\/\/elmercuriomanta.ec\/index.php\/wp-json\/wp\/v2\/categories?post=64930"},{"taxonomy":"post_tag","embeddable":true,"href":"https:\/\/elmercuriomanta.ec\/index.php\/wp-json\/wp\/v2\/tags?post=64930"}],"curies":[{"name":"wp","href":"https:\/\/api.w.org\/{rel}","templated":true}]}}