{"id":64920,"date":"2026-04-29T12:57:22","date_gmt":"2026-04-29T17:57:22","guid":{"rendered":"https:\/\/elmercuriomanta.ec\/?p=64920"},"modified":"2026-04-29T12:57:46","modified_gmt":"2026-04-29T17:57:46","slug":"ministro-roberto-luque-anuncia-que-la-tercera-placa-entrara-en-vigencia-en-el-tercer-trimestre-de-2026","status":"publish","type":"post","link":"https:\/\/elmercuriomanta.ec\/index.php\/2026\/04\/29\/ministro-roberto-luque-anuncia-que-la-tercera-placa-entrara-en-vigencia-en-el-tercer-trimestre-de-2026\/","title":{"rendered":"Roberto Luque anuncia que la tercera placa\u00a0entrar\u00e1 en vigencia\u00a0en el tercer trimestre de 2026"},"content":{"rendered":"\n<figure class=\"wp-block-image aligncenter size-large is-resized\"><img fetchpriority=\"high\" decoding=\"async\" width=\"1024\" height=\"683\" src=\"https:\/\/elmercuriomanta.ec\/wp-content\/uploads\/2026\/04\/image-384-1024x683.png\" alt=\"\" class=\"wp-image-64921\" style=\"aspect-ratio:1.5000146485805526;width:620px;height:auto\" srcset=\"https:\/\/elmercuriomanta.ec\/wp-content\/uploads\/2026\/04\/image-384-1024x683.png 1024w, https:\/\/elmercuriomanta.ec\/wp-content\/uploads\/2026\/04\/image-384-300x200.png 300w, https:\/\/elmercuriomanta.ec\/wp-content\/uploads\/2026\/04\/image-384-768x512.png 768w, https:\/\/elmercuriomanta.ec\/wp-content\/uploads\/2026\/04\/image-384.png 1200w\" sizes=\"(max-width: 1024px) 100vw, 1024px\" \/><\/figure>\n\n\n\n<p>El ministro de Infraestructura y Transporte,&nbsp;Roberto Luque, descart\u00f3 que el aumento de siniestros de tr\u00e1nsito est\u00e9 directamente ligado a los radares.&nbsp;<\/p>\n\n\n\n<p>Asegur\u00f3 que \u201chay mucha gente que est\u00e1&nbsp;atribuyendo estas cifras&nbsp;al tema de los radares y no necesariamente es as\u00ed\u201d. Sostuvo que la seguridad vial debe tratarse de forma integral. \u201cCorresponde a un tema de educaci\u00f3n\u201d, dijo, y record\u00f3 que ya se incorpor\u00f3 la seguridad vial y movilidad sostenible en el p\u00e9nsum educativo.&nbsp;Luque explic\u00f3 que tambi\u00e9n se trabaja en tecnolog\u00eda y control.&nbsp;&nbsp;<br>&nbsp;<br>Indic\u00f3 que la \u201ctercera placa\u201d entrar\u00e1 en el&nbsp;tercer trimestre&nbsp;del a\u00f1o como un sistema para medir la velocidad promedio entre dos puntos. Detall\u00f3 que el nuevo esquema evitar\u00e1 controles mal ubicados. \u201cYa no va a haber un radar puesto enga\u00f1osamente en sitios donde no necesariamente era t\u00e9cnicamente necesario\u201d, afirm\u00f3. Seg\u00fan el ministro, los dispositivos se colocar\u00e1n en zonas cr\u00edticas. Mencion\u00f3 curvas peligrosas donde s\u00ed se justifica el control, con base en criterios t\u00e9cnicos de seguridad.&nbsp;&nbsp;<br>&nbsp;<br>A\u00f1adi\u00f3 que el plan incluye cambios en infraestructura. Se\u00f1al\u00f3 que en algunos casos ya no basta con se\u00f1alizaci\u00f3n, sino que se requieren redise\u00f1os viales con el apoyo de expertos. Tambi\u00e9n indic\u00f3 que se trabaja con organismos multilaterales en un programa que abarca educaci\u00f3n, regulaci\u00f3n, tecnolog\u00eda e infraestructura, con inversiones que podr\u00edan dividirse en fases.&nbsp;Sobre el apoyo econ\u00f3mico al sector, Luque confirm\u00f3 que las&nbsp;compensaciones&nbsp;se mantendr\u00e1n hasta el&nbsp;15 de mayo&nbsp;para transporte intra e interprovincial.&nbsp;&nbsp;<br>&nbsp;<br>En el caso del transporte urbano, se\u00f1al\u00f3 que ya finalizaron. Aclar\u00f3 que estas medidas fueron temporales. \u201cSe compens\u00f3 por un tiempo suficiente para que los municipios&nbsp;pudieran trabajar&nbsp;en lo que les corresponde\u201d, explic\u00f3. Indic\u00f3 que decisiones como el alza de pasajes dependen de los gobiernos locales. A\u00f1adi\u00f3 que estos ajustes deben ir acompa\u00f1ados de mejoras en el servicio.&nbsp;&nbsp;<br>&nbsp;<br>Luque sostuvo que el problema del transporte no es reciente. \u201cLos temas del&nbsp;transporte urbano&nbsp;no han sido atendidos en much\u00edsimos a\u00f1os\u201d, concluy\u00f3.&nbsp;<\/p>\n","protected":false},"excerpt":{"rendered":"<p>El ministro de Infraestructura y Transporte,\u00a0Roberto Luque, descart\u00f3 que el aumento de siniestros de tr\u00e1nsito est\u00e9 directamente ligado a los radares.\u00a0<\/p>\n","protected":false},"author":14,"featured_media":64921,"comment_status":"open","ping_status":"open","sticky":false,"template":"","format":"standard","meta":{"footnotes":""},"categories":[106],"tags":[],"class_list":["post-64920","post","type-post","status-publish","format-standard","has-post-thumbnail","hentry","category-nacionales"],"_links":{"self":[{"href":"https:\/\/elmercuriomanta.ec\/index.php\/wp-json\/wp\/v2\/posts\/64920","targetHints":{"allow":["GET"]}}],"collection":[{"href":"https:\/\/elmercuriomanta.ec\/index.php\/wp-json\/wp\/v2\/posts"}],"about":[{"href":"https:\/\/elmercuriomanta.ec\/index.php\/wp-json\/wp\/v2\/types\/post"}],"author":[{"embeddable":true,"href":"https:\/\/elmercuriomanta.ec\/index.php\/wp-json\/wp\/v2\/users\/14"}],"replies":[{"embeddable":true,"href":"https:\/\/elmercuriomanta.ec\/index.php\/wp-json\/wp\/v2\/comments?post=64920"}],"version-history":[{"count":2,"href":"https:\/\/elmercuriomanta.ec\/index.php\/wp-json\/wp\/v2\/posts\/64920\/revisions"}],"predecessor-version":[{"id":64923,"href":"https:\/\/elmercuriomanta.ec\/index.php\/wp-json\/wp\/v2\/posts\/64920\/revisions\/64923"}],"wp:featuredmedia":[{"embeddable":true,"href":"https:\/\/elmercuriomanta.ec\/index.php\/wp-json\/wp\/v2\/media\/64921"}],"wp:attachment":[{"href":"https:\/\/elmercuriomanta.ec\/index.php\/wp-json\/wp\/v2\/media?parent=64920"}],"wp:term":[{"taxonomy":"category","embeddable":true,"href":"https:\/\/elmercuriomanta.ec\/index.php\/wp-json\/wp\/v2\/categories?post=64920"},{"taxonomy":"post_tag","embeddable":true,"href":"https:\/\/elmercuriomanta.ec\/index.php\/wp-json\/wp\/v2\/tags?post=64920"}],"curies":[{"name":"wp","href":"https:\/\/api.w.org\/{rel}","templated":true}]}}