{"id":64905,"date":"2026-04-29T10:59:47","date_gmt":"2026-04-29T15:59:47","guid":{"rendered":"https:\/\/elmercuriomanta.ec\/?p=64905"},"modified":"2026-04-29T10:59:47","modified_gmt":"2026-04-29T15:59:47","slug":"noboa-oficializa-toque-de-queda-en-nueve-provincias-mediante-decreto-ejecutivo","status":"publish","type":"post","link":"https:\/\/elmercuriomanta.ec\/index.php\/2026\/04\/29\/noboa-oficializa-toque-de-queda-en-nueve-provincias-mediante-decreto-ejecutivo\/","title":{"rendered":"NOBOA OFICIALIZA TOQUE DE QUEDA EN NUEVE PROVINCIAS MEDIANTE DECRETO EJECUTIVO"},"content":{"rendered":"\n<p>El presidente Daniel Noboa oficializ\u00f3 el toque de queda en Ecuador mediante el Decreto Ejecutivo 370, emitido el martes 28 de abril de 2026. La medida regir\u00e1 desde el domingo 3 hasta el lunes 18 de mayo, con el objetivo de combatir el crimen organizado a escala nacional.<\/p>\n\n\n\n<figure class=\"wp-block-image size-full\"><img fetchpriority=\"high\" decoding=\"async\" width=\"832\" height=\"468\" src=\"https:\/\/elmercuriomanta.ec\/wp-content\/uploads\/2026\/04\/image-379.png\" alt=\"\" class=\"wp-image-64908\" srcset=\"https:\/\/elmercuriomanta.ec\/wp-content\/uploads\/2026\/04\/image-379.png 832w, https:\/\/elmercuriomanta.ec\/wp-content\/uploads\/2026\/04\/image-379-300x169.png 300w, https:\/\/elmercuriomanta.ec\/wp-content\/uploads\/2026\/04\/image-379-768x432.png 768w\" sizes=\"(max-width: 832px) 100vw, 832px\" \/><\/figure>\n\n\n\n<p>La restricci\u00f3n aplica en nueve provincias: Guayas, Manab\u00ed, Santa Elena, Los R\u00edos, El Oro, Pichincha, Esmeraldas, Santo Domingo de los Ts\u00e1chilas y Sucumb\u00edos. Tambi\u00e9n en cuatro cantones: La Man\u00e1 (Cotopaxi), Las Naves y Echeand\u00eda (Bol\u00edvar), y La Troncal (Ca\u00f1ar).<\/p>\n\n\n\n<p>SANCIONES POR INCUMPLIR<br>Desobedecer la disposici\u00f3n, seg\u00fan el art\u00edculo 282 del C\u00f3digo Org\u00e1nico Integral Penal (COIP), constituye un delito penado con uno a tres a\u00f1os de prisi\u00f3n. Los infractores pueden ser aprehendidos y llevados ante una autoridad. Adem\u00e1s, si alguien evade los controles o se resiste, los agentes pueden intervenir para neutralizar la situaci\u00f3n. <\/p>\n\n\n\n<ol start=\"2026\" class=\"wp-block-list\"><\/ol>\n","protected":false},"excerpt":{"rendered":"<p>El presidente Daniel Noboa oficializ\u00f3 el toque de queda en Ecuador mediante el Decreto Ejecutivo 370, emitido el martes 28 de abril de 2026. La medida regir\u00e1 desde el domingo 3 hasta el lunes 18 de mayo, con el objetivo de combatir el crimen organizado a escala nacional.<\/p>\n","protected":false},"author":14,"featured_media":64908,"comment_status":"open","ping_status":"open","sticky":false,"template":"","format":"standard","meta":{"footnotes":""},"categories":[106],"tags":[],"class_list":["post-64905","post","type-post","status-publish","format-standard","has-post-thumbnail","hentry","category-nacionales"],"_links":{"self":[{"href":"https:\/\/elmercuriomanta.ec\/index.php\/wp-json\/wp\/v2\/posts\/64905","targetHints":{"allow":["GET"]}}],"collection":[{"href":"https:\/\/elmercuriomanta.ec\/index.php\/wp-json\/wp\/v2\/posts"}],"about":[{"href":"https:\/\/elmercuriomanta.ec\/index.php\/wp-json\/wp\/v2\/types\/post"}],"author":[{"embeddable":true,"href":"https:\/\/elmercuriomanta.ec\/index.php\/wp-json\/wp\/v2\/users\/14"}],"replies":[{"embeddable":true,"href":"https:\/\/elmercuriomanta.ec\/index.php\/wp-json\/wp\/v2\/comments?post=64905"}],"version-history":[{"count":1,"href":"https:\/\/elmercuriomanta.ec\/index.php\/wp-json\/wp\/v2\/posts\/64905\/revisions"}],"predecessor-version":[{"id":64909,"href":"https:\/\/elmercuriomanta.ec\/index.php\/wp-json\/wp\/v2\/posts\/64905\/revisions\/64909"}],"wp:featuredmedia":[{"embeddable":true,"href":"https:\/\/elmercuriomanta.ec\/index.php\/wp-json\/wp\/v2\/media\/64908"}],"wp:attachment":[{"href":"https:\/\/elmercuriomanta.ec\/index.php\/wp-json\/wp\/v2\/media?parent=64905"}],"wp:term":[{"taxonomy":"category","embeddable":true,"href":"https:\/\/elmercuriomanta.ec\/index.php\/wp-json\/wp\/v2\/categories?post=64905"},{"taxonomy":"post_tag","embeddable":true,"href":"https:\/\/elmercuriomanta.ec\/index.php\/wp-json\/wp\/v2\/tags?post=64905"}],"curies":[{"name":"wp","href":"https:\/\/api.w.org\/{rel}","templated":true}]}}