{"id":64893,"date":"2026-04-29T10:26:42","date_gmt":"2026-04-29T15:26:42","guid":{"rendered":"https:\/\/elmercuriomanta.ec\/?p=64893"},"modified":"2026-04-29T10:26:42","modified_gmt":"2026-04-29T15:26:42","slug":"el-tce-ratifica-sancion-del-alcalde-javier-pincay-pero-su-defensa-asegura-que-ya-se-cumplio-el-plazo","status":"publish","type":"post","link":"https:\/\/elmercuriomanta.ec\/index.php\/2026\/04\/29\/el-tce-ratifica-sancion-del-alcalde-javier-pincay-pero-su-defensa-asegura-que-ya-se-cumplio-el-plazo\/","title":{"rendered":"EL TCE RATIFICA SANCI\u00d3N DEL ALCALDE JAVIER PINCAY, PERO SU DEFENSA ASEGURA QUE YA SE CUMPLI\u00d3 EL PLAZO"},"content":{"rendered":"\n<p>El alcalde de Portoviejo, Javier Pincay, ya no consta en el padr\u00f3n del Consejo Nacional Electoral. La salida se produce tras las \u00faltimas decisiones del Tribunal Contencioso Electoral (TCE) que ratifican que la suspensi\u00f3n de sus derechos pol\u00edticos sigue vigente.<\/p>\n\n\n\n<figure class=\"wp-block-image size-full\"><img fetchpriority=\"high\" decoding=\"async\" width=\"1024\" height=\"683\" src=\"https:\/\/elmercuriomanta.ec\/wp-content\/uploads\/2026\/04\/image-373.png\" alt=\"\" class=\"wp-image-64896\" srcset=\"https:\/\/elmercuriomanta.ec\/wp-content\/uploads\/2026\/04\/image-373.png 1024w, https:\/\/elmercuriomanta.ec\/wp-content\/uploads\/2026\/04\/image-373-300x200.png 300w, https:\/\/elmercuriomanta.ec\/wp-content\/uploads\/2026\/04\/image-373-768x512.png 768w\" sizes=\"(max-width: 1024px) 100vw, 1024px\" \/><\/figure>\n\n\n\n<p>Sin embargo, en el Ministerio de Trabajo, hasta la ma\u00f1ana de este martes, todav\u00eda no se reflejaba el impedimento para ejercer cargos p\u00fablicos, que es otra de las medidas derivadas de la decisi\u00f3n del pasado 22 de abril, cuando el tribunal neg\u00f3 por improcedente un recurso de apelaci\u00f3n presentado por Pincay y dio paso a la ejecuci\u00f3n de una sentencia dictada en 2023.<\/p>\n\n\n\n<p>El origen del caso se remonta al 15 de enero de ese a\u00f1o. Pincay no asisti\u00f3 al debate electoral obligatorio para los candidatos a la alcald\u00eda de Portoviejo. En su lugar, transmiti\u00f3 en redes una entrevista en vivo de casi una hora y public\u00f3 cuatro videos respondiendo a las preguntas del debate. Dijo que se recuperaba tras recibir el alta m\u00e9dica luego de un atentado. <\/p>\n","protected":false},"excerpt":{"rendered":"<p>El alcalde de Portoviejo, Javier Pincay, ya no consta en el padr\u00f3n del Consejo Nacional Electoral. La salida se produce tras las \u00faltimas decisiones del Tribunal Contencioso Electoral (TCE) que ratifican que la suspensi\u00f3n de sus derechos pol\u00edticos sigue vigente.<\/p>\n","protected":false},"author":14,"featured_media":64896,"comment_status":"open","ping_status":"open","sticky":false,"template":"","format":"standard","meta":{"footnotes":""},"categories":[108],"tags":[],"class_list":["post-64893","post","type-post","status-publish","format-standard","has-post-thumbnail","hentry","category-locales"],"_links":{"self":[{"href":"https:\/\/elmercuriomanta.ec\/index.php\/wp-json\/wp\/v2\/posts\/64893","targetHints":{"allow":["GET"]}}],"collection":[{"href":"https:\/\/elmercuriomanta.ec\/index.php\/wp-json\/wp\/v2\/posts"}],"about":[{"href":"https:\/\/elmercuriomanta.ec\/index.php\/wp-json\/wp\/v2\/types\/post"}],"author":[{"embeddable":true,"href":"https:\/\/elmercuriomanta.ec\/index.php\/wp-json\/wp\/v2\/users\/14"}],"replies":[{"embeddable":true,"href":"https:\/\/elmercuriomanta.ec\/index.php\/wp-json\/wp\/v2\/comments?post=64893"}],"version-history":[{"count":1,"href":"https:\/\/elmercuriomanta.ec\/index.php\/wp-json\/wp\/v2\/posts\/64893\/revisions"}],"predecessor-version":[{"id":64897,"href":"https:\/\/elmercuriomanta.ec\/index.php\/wp-json\/wp\/v2\/posts\/64893\/revisions\/64897"}],"wp:featuredmedia":[{"embeddable":true,"href":"https:\/\/elmercuriomanta.ec\/index.php\/wp-json\/wp\/v2\/media\/64896"}],"wp:attachment":[{"href":"https:\/\/elmercuriomanta.ec\/index.php\/wp-json\/wp\/v2\/media?parent=64893"}],"wp:term":[{"taxonomy":"category","embeddable":true,"href":"https:\/\/elmercuriomanta.ec\/index.php\/wp-json\/wp\/v2\/categories?post=64893"},{"taxonomy":"post_tag","embeddable":true,"href":"https:\/\/elmercuriomanta.ec\/index.php\/wp-json\/wp\/v2\/tags?post=64893"}],"curies":[{"name":"wp","href":"https:\/\/api.w.org\/{rel}","templated":true}]}}