{"id":64847,"date":"2026-04-28T13:11:24","date_gmt":"2026-04-28T18:11:24","guid":{"rendered":"https:\/\/elmercuriomanta.ec\/?p=64847"},"modified":"2026-04-28T13:11:24","modified_gmt":"2026-04-28T18:11:24","slug":"familia-accidentada-en-la-via-santa-ana-ayacucho-residian-en-manta","status":"publish","type":"post","link":"https:\/\/elmercuriomanta.ec\/index.php\/2026\/04\/28\/familia-accidentada-en-la-via-santa-ana-ayacucho-residian-en-manta\/","title":{"rendered":"Familia accidentada en la v\u00eda Santa Ana \u2013 Ayacucho resid\u00edan en Manta"},"content":{"rendered":"\n<figure class=\"wp-block-image aligncenter size-large is-resized\"><img fetchpriority=\"high\" decoding=\"async\" width=\"1024\" height=\"576\" src=\"https:\/\/elmercuriomanta.ec\/wp-content\/uploads\/2026\/04\/image-359-1024x576.png\" alt=\"\" class=\"wp-image-64848\" style=\"width:628px;height:auto\" srcset=\"https:\/\/elmercuriomanta.ec\/wp-content\/uploads\/2026\/04\/image-359-1024x576.png 1024w, https:\/\/elmercuriomanta.ec\/wp-content\/uploads\/2026\/04\/image-359-300x169.png 300w, https:\/\/elmercuriomanta.ec\/wp-content\/uploads\/2026\/04\/image-359-768x432.png 768w, https:\/\/elmercuriomanta.ec\/wp-content\/uploads\/2026\/04\/image-359-1536x864.png 1536w, https:\/\/elmercuriomanta.ec\/wp-content\/uploads\/2026\/04\/image-359.png 2000w\" sizes=\"(max-width: 1024px) 100vw, 1024px\" \/><\/figure>\n\n\n\n<p>La ma\u00f1ana del\u00a0pasado\u00a0lunes 27 de abril de 2026, las autoridades confirmaron el fallecimiento de un ni\u00f1o de seis a\u00f1os, ocurrido tras un grave siniestro de tr\u00e1nsito la tarde del domingo en el cant\u00f3n Santa Ana (Manab\u00ed).\u00a0\u00a0<br>\u00a0<br>El menor, de Manta, no sobrevivi\u00f3 a las graves lesiones sufridas durante el impacto entre varios veh\u00edculos. El accidente se registr\u00f3 a las 18h30 del domingo 26 de abril en la v\u00eda a la parroquia Ayacucho, sector Las\u00a0Guaijas. Seg\u00fan informes preliminares, el percance involucr\u00f3 a un autom\u00f3vil y una camioneta, aunque otros automotores tambi\u00e9n resultaron afectados por la magnitud del choque. Equipos de emergencia acudieron al lugar para brindar auxilio y rescate.\u00a0\u00a0<br>\u00a0<br>El siniestro dej\u00f3 al menos ocho afectados. Un adulto est\u00e1 en estado cr\u00edtico y pron\u00f3stico reservado; los dem\u00e1s lesionados reciben atenci\u00f3n especializada. La familia del menor, que visitaba Santa Ana desde Manta, recibi\u00f3 asistencia institucional. El cuerpo fue trasladado al centro forense de Portoviejo para tr\u00e1mites de ley e investigaciones.\u00a0\u00a0<br>\u00a0<br>Las autoridades de tr\u00e1nsito iniciaron peritajes en la v\u00eda hacia Ayacucho para determinar responsabilidades t\u00e9cnicas y legales por este choque m\u00faltiple. El tr\u00e1gico evento subraya la necesidad de prudencia al conducir en carreteras\u00a0intercantonales.<\/p>\n\n\n\n<p><\/p>\n","protected":false},"excerpt":{"rendered":"<p>La ma\u00f1ana del\u00a0pasado\u00a0lunes 27 de abril de 2026, las autoridades confirmaron el fallecimiento de un ni\u00f1o de seis a\u00f1os, ocurrido tras un grave siniestro de tr\u00e1nsito la tarde del domingo en el cant\u00f3n Santa Ana (Manab\u00ed).<\/p>\n","protected":false},"author":14,"featured_media":64848,"comment_status":"open","ping_status":"open","sticky":false,"template":"","format":"standard","meta":{"footnotes":""},"categories":[16],"tags":[],"class_list":["post-64847","post","type-post","status-publish","format-standard","has-post-thumbnail","hentry","category-cronica"],"_links":{"self":[{"href":"https:\/\/elmercuriomanta.ec\/index.php\/wp-json\/wp\/v2\/posts\/64847","targetHints":{"allow":["GET"]}}],"collection":[{"href":"https:\/\/elmercuriomanta.ec\/index.php\/wp-json\/wp\/v2\/posts"}],"about":[{"href":"https:\/\/elmercuriomanta.ec\/index.php\/wp-json\/wp\/v2\/types\/post"}],"author":[{"embeddable":true,"href":"https:\/\/elmercuriomanta.ec\/index.php\/wp-json\/wp\/v2\/users\/14"}],"replies":[{"embeddable":true,"href":"https:\/\/elmercuriomanta.ec\/index.php\/wp-json\/wp\/v2\/comments?post=64847"}],"version-history":[{"count":1,"href":"https:\/\/elmercuriomanta.ec\/index.php\/wp-json\/wp\/v2\/posts\/64847\/revisions"}],"predecessor-version":[{"id":64849,"href":"https:\/\/elmercuriomanta.ec\/index.php\/wp-json\/wp\/v2\/posts\/64847\/revisions\/64849"}],"wp:featuredmedia":[{"embeddable":true,"href":"https:\/\/elmercuriomanta.ec\/index.php\/wp-json\/wp\/v2\/media\/64848"}],"wp:attachment":[{"href":"https:\/\/elmercuriomanta.ec\/index.php\/wp-json\/wp\/v2\/media?parent=64847"}],"wp:term":[{"taxonomy":"category","embeddable":true,"href":"https:\/\/elmercuriomanta.ec\/index.php\/wp-json\/wp\/v2\/categories?post=64847"},{"taxonomy":"post_tag","embeddable":true,"href":"https:\/\/elmercuriomanta.ec\/index.php\/wp-json\/wp\/v2\/tags?post=64847"}],"curies":[{"name":"wp","href":"https:\/\/api.w.org\/{rel}","templated":true}]}}