{"id":64821,"date":"2026-04-28T11:54:03","date_gmt":"2026-04-28T16:54:03","guid":{"rendered":"https:\/\/elmercuriomanta.ec\/?p=64821"},"modified":"2026-04-28T11:54:03","modified_gmt":"2026-04-28T16:54:03","slug":"aeropuerto-de-guayaquil-operara-con-normalidad-durante-el-toque-de-queda","status":"publish","type":"post","link":"https:\/\/elmercuriomanta.ec\/index.php\/2026\/04\/28\/aeropuerto-de-guayaquil-operara-con-normalidad-durante-el-toque-de-queda\/","title":{"rendered":"AEROPUERTO DE GUAYAQUIL OPERAR\u00c1 CON NORMALIDAD DURANTE EL TOQUE DE QUEDA"},"content":{"rendered":"\n<p>El aeropuerto internacional \u00abJos\u00e9 Joaqu\u00edn de Olmedo\u00bb de Guayaquil confirm\u00f3 que operar\u00e1 con normalidad durante el toque de queda. <\/p>\n\n\n\n<figure class=\"wp-block-image size-full\"><img fetchpriority=\"high\" decoding=\"async\" width=\"832\" height=\"468\" src=\"https:\/\/elmercuriomanta.ec\/wp-content\/uploads\/2026\/04\/image-350.png\" alt=\"\" class=\"wp-image-64822\" srcset=\"https:\/\/elmercuriomanta.ec\/wp-content\/uploads\/2026\/04\/image-350.png 832w, https:\/\/elmercuriomanta.ec\/wp-content\/uploads\/2026\/04\/image-350-300x169.png 300w, https:\/\/elmercuriomanta.ec\/wp-content\/uploads\/2026\/04\/image-350-768x432.png 768w\" sizes=\"(max-width: 832px) 100vw, 832px\" \/><\/figure>\n\n\n\n<p>En un comunicado, la terminal a\u00e9rea se\u00f1al\u00f3 que los pasajeros que tengan vuelos programados entre las 23H00 y las 05H00, horario de la medida restrictiva, deber\u00e1n presentar su pase de abordar. El aeropuerto record\u00f3 que ese requisito ser\u00e1 solicitado mientras dure el toque de queda, previsto entre el 4 y el 18 de mayo.<\/p>\n\n\n\n<p>El ministro del Interior, John Reimberg, anticip\u00f3 hace varios d\u00edas que los aeropuertos ser\u00edan uno de los sectores que formar\u00e1n parte de las excepciones en esta restricci\u00f3n de movilidad. <\/p>\n","protected":false},"excerpt":{"rendered":"<p>El aeropuerto internacional \u00abJos\u00e9 Joaqu\u00edn de Olmedo\u00bb de Guayaquil confirm\u00f3 que operar\u00e1 con normalidad durante el toque de queda. <\/p>\n","protected":false},"author":14,"featured_media":64822,"comment_status":"open","ping_status":"open","sticky":false,"template":"","format":"standard","meta":{"footnotes":""},"categories":[106],"tags":[],"class_list":["post-64821","post","type-post","status-publish","format-standard","has-post-thumbnail","hentry","category-nacionales"],"_links":{"self":[{"href":"https:\/\/elmercuriomanta.ec\/index.php\/wp-json\/wp\/v2\/posts\/64821","targetHints":{"allow":["GET"]}}],"collection":[{"href":"https:\/\/elmercuriomanta.ec\/index.php\/wp-json\/wp\/v2\/posts"}],"about":[{"href":"https:\/\/elmercuriomanta.ec\/index.php\/wp-json\/wp\/v2\/types\/post"}],"author":[{"embeddable":true,"href":"https:\/\/elmercuriomanta.ec\/index.php\/wp-json\/wp\/v2\/users\/14"}],"replies":[{"embeddable":true,"href":"https:\/\/elmercuriomanta.ec\/index.php\/wp-json\/wp\/v2\/comments?post=64821"}],"version-history":[{"count":1,"href":"https:\/\/elmercuriomanta.ec\/index.php\/wp-json\/wp\/v2\/posts\/64821\/revisions"}],"predecessor-version":[{"id":64823,"href":"https:\/\/elmercuriomanta.ec\/index.php\/wp-json\/wp\/v2\/posts\/64821\/revisions\/64823"}],"wp:featuredmedia":[{"embeddable":true,"href":"https:\/\/elmercuriomanta.ec\/index.php\/wp-json\/wp\/v2\/media\/64822"}],"wp:attachment":[{"href":"https:\/\/elmercuriomanta.ec\/index.php\/wp-json\/wp\/v2\/media?parent=64821"}],"wp:term":[{"taxonomy":"category","embeddable":true,"href":"https:\/\/elmercuriomanta.ec\/index.php\/wp-json\/wp\/v2\/categories?post=64821"},{"taxonomy":"post_tag","embeddable":true,"href":"https:\/\/elmercuriomanta.ec\/index.php\/wp-json\/wp\/v2\/tags?post=64821"}],"curies":[{"name":"wp","href":"https:\/\/api.w.org\/{rel}","templated":true}]}}