{"id":64815,"date":"2026-04-28T11:32:10","date_gmt":"2026-04-28T16:32:10","guid":{"rendered":"https:\/\/elmercuriomanta.ec\/?p=64815"},"modified":"2026-04-28T11:32:10","modified_gmt":"2026-04-28T16:32:10","slug":"comision-municipal-admite-una-de-tres-denuncias-sobre-remocion-de-aquiles-alvarez","status":"publish","type":"post","link":"https:\/\/elmercuriomanta.ec\/index.php\/2026\/04\/28\/comision-municipal-admite-una-de-tres-denuncias-sobre-remocion-de-aquiles-alvarez\/","title":{"rendered":"COMISI\u00d3N MUNICIPAL ADMITE UNA DE TRES DENUNCIAS SOBRE REMOCI\u00d3N DE AQUILES ALVAREZ"},"content":{"rendered":"\n<p>La Comisi\u00f3n de Mesa, Excusas y Calificaciones del Municipio de Guayaquil admiti\u00f3 una de tres denuncias ciudadanas que piden la remoci\u00f3n del alcalde Aquiles \u00c1lvarez. Integrada por los concejales Arturo Escala, Ana Fuentes y Terry \u00c1lvarez, la comisi\u00f3n admiti\u00f3 las otras dos.<\/p>\n\n\n\n<figure class=\"wp-block-image aligncenter size-full\"><img fetchpriority=\"high\" decoding=\"async\" width=\"832\" height=\"468\" src=\"https:\/\/elmercuriomanta.ec\/wp-content\/uploads\/2026\/04\/image-348.png\" alt=\"\" class=\"wp-image-64816\" srcset=\"https:\/\/elmercuriomanta.ec\/wp-content\/uploads\/2026\/04\/image-348.png 832w, https:\/\/elmercuriomanta.ec\/wp-content\/uploads\/2026\/04\/image-348-300x169.png 300w, https:\/\/elmercuriomanta.ec\/wp-content\/uploads\/2026\/04\/image-348-768x432.png 768w\" sizes=\"(max-width: 832px) 100vw, 832px\" \/><\/figure>\n\n\n\n<p>La denuncia del abogado Hugo C\u00f3rdova Hidalgo fue admitida por cumplir requisitos de ley: presentaci\u00f3n ante autoridad competente, firma reconocida ante notario, domicilio en Guayaquil y solicitud de pruebas. Su principal<br>argumento: el burgomaestre no puede continuar en funciones por estar preso en la c\u00e1rcel del Encuentro, con dos procesos penales abiertos.<\/p>\n\n\n\n<p>Las denuncias de David L\u00f3pez (residente en Quito) y \u00d3scar Velarde (documentaci\u00f3n incompleta y sin pruebas) fueron inadmitidas. Siguiente paso: Notificar al alcalde, para lo cual la Comisi\u00f3n coordinar\u00e1 con el SNAI. Luego, en 10 d\u00edas, las partes presentar\u00e1n argumentos y evidencias. Sin notificaci\u00f3n, el proceso no avanza. La comisi\u00f3n elevar\u00e1 un informe al Concejo Cantonal. <\/p>\n","protected":false},"excerpt":{"rendered":"<p>La Comisi\u00f3n de Mesa, Excusas y Calificaciones del Municipio de Guayaquil admiti\u00f3 una de tres denuncias ciudadanas que piden la remoci\u00f3n del alcalde Aquiles \u00c1lvarez. Integrada por los concejales Arturo Escala, Ana Fuentes y Terry \u00c1lvarez, la comisi\u00f3n admiti\u00f3 las otras dos.<\/p>\n","protected":false},"author":14,"featured_media":64816,"comment_status":"open","ping_status":"open","sticky":false,"template":"","format":"standard","meta":{"footnotes":""},"categories":[106],"tags":[],"class_list":["post-64815","post","type-post","status-publish","format-standard","has-post-thumbnail","hentry","category-nacionales"],"_links":{"self":[{"href":"https:\/\/elmercuriomanta.ec\/index.php\/wp-json\/wp\/v2\/posts\/64815","targetHints":{"allow":["GET"]}}],"collection":[{"href":"https:\/\/elmercuriomanta.ec\/index.php\/wp-json\/wp\/v2\/posts"}],"about":[{"href":"https:\/\/elmercuriomanta.ec\/index.php\/wp-json\/wp\/v2\/types\/post"}],"author":[{"embeddable":true,"href":"https:\/\/elmercuriomanta.ec\/index.php\/wp-json\/wp\/v2\/users\/14"}],"replies":[{"embeddable":true,"href":"https:\/\/elmercuriomanta.ec\/index.php\/wp-json\/wp\/v2\/comments?post=64815"}],"version-history":[{"count":1,"href":"https:\/\/elmercuriomanta.ec\/index.php\/wp-json\/wp\/v2\/posts\/64815\/revisions"}],"predecessor-version":[{"id":64817,"href":"https:\/\/elmercuriomanta.ec\/index.php\/wp-json\/wp\/v2\/posts\/64815\/revisions\/64817"}],"wp:featuredmedia":[{"embeddable":true,"href":"https:\/\/elmercuriomanta.ec\/index.php\/wp-json\/wp\/v2\/media\/64816"}],"wp:attachment":[{"href":"https:\/\/elmercuriomanta.ec\/index.php\/wp-json\/wp\/v2\/media?parent=64815"}],"wp:term":[{"taxonomy":"category","embeddable":true,"href":"https:\/\/elmercuriomanta.ec\/index.php\/wp-json\/wp\/v2\/categories?post=64815"},{"taxonomy":"post_tag","embeddable":true,"href":"https:\/\/elmercuriomanta.ec\/index.php\/wp-json\/wp\/v2\/tags?post=64815"}],"curies":[{"name":"wp","href":"https:\/\/api.w.org\/{rel}","templated":true}]}}