{"id":64801,"date":"2026-04-28T10:41:19","date_gmt":"2026-04-28T15:41:19","guid":{"rendered":"https:\/\/elmercuriomanta.ec\/?p=64801"},"modified":"2026-04-28T10:41:19","modified_gmt":"2026-04-28T15:41:19","slug":"fiscalia-de-colombia-pide-el-arresto-de-nicolas-petro-por-corrupcion","status":"publish","type":"post","link":"https:\/\/elmercuriomanta.ec\/index.php\/2026\/04\/28\/fiscalia-de-colombia-pide-el-arresto-de-nicolas-petro-por-corrupcion\/","title":{"rendered":"Fiscal\u00eda de Colombia pide\u00a0el\u00a0arresto de Nicol\u00e1s Petro por corrupci\u00f3n"},"content":{"rendered":"\n<figure class=\"wp-block-image aligncenter size-large is-resized\"><img fetchpriority=\"high\" decoding=\"async\" width=\"1024\" height=\"683\" src=\"https:\/\/elmercuriomanta.ec\/wp-content\/uploads\/2026\/04\/image-344-1024x683.png\" alt=\"\" class=\"wp-image-64802\" style=\"aspect-ratio:1.5000146485805526;width:565px;height:auto\" srcset=\"https:\/\/elmercuriomanta.ec\/wp-content\/uploads\/2026\/04\/image-344-1024x683.png 1024w, https:\/\/elmercuriomanta.ec\/wp-content\/uploads\/2026\/04\/image-344-300x200.png 300w, https:\/\/elmercuriomanta.ec\/wp-content\/uploads\/2026\/04\/image-344-768x512.png 768w, https:\/\/elmercuriomanta.ec\/wp-content\/uploads\/2026\/04\/image-344.png 1200w\" sizes=\"(max-width: 1024px) 100vw, 1024px\" \/><\/figure>\n\n\n\n<p>Seg\u00fan la fiscal que ha hecho la solicitud, el hijo del presidente se ha ausentado desde noviembre de las diligencias por el proceso en que se lo acusa de lavado de activos y enriquecimiento il\u00edcito.\u00a0<br>\u00a0<br>La fiscal Lucy Marcela Laborde ha solicitado este lunes el arresto de Nicol\u00e1s Petro, el hijo mayor del\u00a0presidente Gustavo Petro, por ausentarse de las audiencias judiciales del proceso en que se lo acusa de lavado de activos y enriquecimiento il\u00edcito. Seg\u00fan la encargada,\u00a0Petro Burgos\u00a0no ha asistido a las diligencias en las que se ha solicitado su presencia f\u00edsica desde noviembre del a\u00f1o pasado. En todas las ocasiones, ha esgrimido dificultades en el desplazamiento.\u00a0\u00a0<br>\u00a0<br>Laborde, no obstante, asegura que tiene informaci\u00f3n de que el acusado ha estado de vacaciones en Cartagena y Santa Marta en ese lapso. Con esa informaci\u00f3n, Laborde ha hecho la solicitud de arresto de hasta cinco d\u00edas, aduciendo la desobediencia de Petro Burgos a las \u00f3rdenes que le imparti\u00f3 el juzgado de asistir a las diligencias. La fiscal, adem\u00e1s, ha pedido incluir en la sanci\u00f3n a la defensa del acusado, ya que fue la que expuso ante el juzgado la aparente imposibilidad de trasladarse a las audiencias, que se llevaron a cabo en Barranquilla, a las que s\u00ed asistieron las dem\u00e1s partes involucradas en el proceso.\u00a0\u00a0<br>\u00a0<br>El juez del proceso, Hugo Carbon\u00f3, no ha tomado una decisi\u00f3n por ahora. Tras conocerse la solicitud de la Fiscal\u00eda, Petro Burgos reaccion\u00f3 en sus redes sociales, asegurando que ha asistido a todas las audiencias presenciales y virtuales del proceso. Adem\u00e1s, se pregunt\u00f3 si hay un \u201cseguimiento ilegal\u201d de parte del ente acusador por la informaci\u00f3n que tiene de los sitios en los que ha estado junto a su familia. \u201cSi algo me llega a pasar a m\u00ed, a Laura y a mi beb\u00e9, responsabilizo directamente a la fiscal Laborde\u201d, a\u00f1adi\u00f3 Petro.\u00a0\u00a0<br>\u00a0<br>Petro Burgos ha estado de manera intermitente en el centro de la atenci\u00f3n nacional desde marzo de 2023, siete meses despu\u00e9s de la posesi\u00f3n de su padre como presidente. En ese momento,\u00a0Daysuris\u00a0V\u00e1squez, su expareja, lo se\u00f1al\u00f3 de haber recibido dineros de aparente origen opaco para financiar la campa\u00f1a presidencial de Petro. Entre ellos estaban\u00a0Santander\u00a0Lopesierra, antiguo narcotraficante y contrabandista de La Guajira, y personas cercanas al contratista Alfonso\u00a0Hilsaca, una figura muy poderosa en el departamento de Bol\u00edvar.\u00a0\u00a0<br>\u00a0<br>Petro Burgos en un principio neg\u00f3 los hechos, pero en julio de ese mismo a\u00f1o cambi\u00f3 su versi\u00f3n, reconoci\u00f3 haber recibido dinero en efectivo y haberse apropiado de esos recursos. Luego, sin embargo, denunci\u00f3 supuestas presiones por parte de la Fiscal\u00eda para dar esa versi\u00f3n. El proceso, desde entonces, ha estado activo.\u00a0<\/p>\n","protected":false},"excerpt":{"rendered":"<p>Seg\u00fan la fiscal que ha hecho la solicitud, el hijo del presidente se ha ausentado desde noviembre de las diligencias por el proceso en que se lo acusa de lavado de activos y enriquecimiento il\u00edcito.<\/p>\n","protected":false},"author":14,"featured_media":64802,"comment_status":"open","ping_status":"open","sticky":false,"template":"","format":"standard","meta":{"footnotes":""},"categories":[8],"tags":[],"class_list":["post-64801","post","type-post","status-publish","format-standard","has-post-thumbnail","hentry","category-internacional"],"_links":{"self":[{"href":"https:\/\/elmercuriomanta.ec\/index.php\/wp-json\/wp\/v2\/posts\/64801","targetHints":{"allow":["GET"]}}],"collection":[{"href":"https:\/\/elmercuriomanta.ec\/index.php\/wp-json\/wp\/v2\/posts"}],"about":[{"href":"https:\/\/elmercuriomanta.ec\/index.php\/wp-json\/wp\/v2\/types\/post"}],"author":[{"embeddable":true,"href":"https:\/\/elmercuriomanta.ec\/index.php\/wp-json\/wp\/v2\/users\/14"}],"replies":[{"embeddable":true,"href":"https:\/\/elmercuriomanta.ec\/index.php\/wp-json\/wp\/v2\/comments?post=64801"}],"version-history":[{"count":1,"href":"https:\/\/elmercuriomanta.ec\/index.php\/wp-json\/wp\/v2\/posts\/64801\/revisions"}],"predecessor-version":[{"id":64803,"href":"https:\/\/elmercuriomanta.ec\/index.php\/wp-json\/wp\/v2\/posts\/64801\/revisions\/64803"}],"wp:featuredmedia":[{"embeddable":true,"href":"https:\/\/elmercuriomanta.ec\/index.php\/wp-json\/wp\/v2\/media\/64802"}],"wp:attachment":[{"href":"https:\/\/elmercuriomanta.ec\/index.php\/wp-json\/wp\/v2\/media?parent=64801"}],"wp:term":[{"taxonomy":"category","embeddable":true,"href":"https:\/\/elmercuriomanta.ec\/index.php\/wp-json\/wp\/v2\/categories?post=64801"},{"taxonomy":"post_tag","embeddable":true,"href":"https:\/\/elmercuriomanta.ec\/index.php\/wp-json\/wp\/v2\/tags?post=64801"}],"curies":[{"name":"wp","href":"https:\/\/api.w.org\/{rel}","templated":true}]}}