{"id":64797,"date":"2026-04-28T10:30:34","date_gmt":"2026-04-28T15:30:34","guid":{"rendered":"https:\/\/elmercuriomanta.ec\/?p=64797"},"modified":"2026-04-28T10:30:34","modified_gmt":"2026-04-28T15:30:34","slug":"petro-en-manta-tres-dias-de-visitas-y-una-posterior-reunion-de-gente-de-fito","status":"publish","type":"post","link":"https:\/\/elmercuriomanta.ec\/index.php\/2026\/04\/28\/petro-en-manta-tres-dias-de-visitas-y-una-posterior-reunion-de-gente-de-fito\/","title":{"rendered":"PETRO EN MANTA: TRES D\u00cdAS DE VISITAS Y UNA POSTERIOR REUNI\u00d3N DE GENTE DE FITO"},"content":{"rendered":"\n<p>El presidente de Colombia, Gustavo Petro, viaj\u00f3 a Ecuador en mayo pasado para asistir a la posesi\u00f3n de Daniel Noboa. Seg\u00fan una investigaci\u00f3n de C\u00f3digo Vidrio y Vistazo, Petro permaneci\u00f3 tres d\u00edas (24 al 26 de mayo) en una residencia de Manta sin realizar actividades oficiales, aunque recibi\u00f3 invitados. <\/p>\n\n\n\n<figure class=\"wp-block-image aligncenter size-large\"><img fetchpriority=\"high\" decoding=\"async\" width=\"1024\" height=\"576\" src=\"https:\/\/elmercuriomanta.ec\/wp-content\/uploads\/2026\/04\/image-342-1024x576.png\" alt=\"\" class=\"wp-image-64798\" srcset=\"https:\/\/elmercuriomanta.ec\/wp-content\/uploads\/2026\/04\/image-342-1024x576.png 1024w, https:\/\/elmercuriomanta.ec\/wp-content\/uploads\/2026\/04\/image-342-300x169.png 300w, https:\/\/elmercuriomanta.ec\/wp-content\/uploads\/2026\/04\/image-342-768x432.png 768w, https:\/\/elmercuriomanta.ec\/wp-content\/uploads\/2026\/04\/image-342.png 1200w\" sizes=\"(max-width: 1024px) 100vw, 1024px\" \/><\/figure>\n\n\n\n<p>Mientras tanto, la zona era epicentro de operativos para capturar a Jos\u00e9 Adolfo Mac\u00edas, alias Fito, l\u00edder de Los Choneros, quien fue recapturado en junio de 2025 y extraditado a EE. UU. Noboa acus\u00f3 a Petro de haberse reunido con miembros de la Revoluci\u00f3n Ciudadana (movimiento de Rafael Correa) que tendr\u00edan v\u00ednculos con Fito. Por considerarlo una calumnia, Petro anunci\u00f3 una demanda. <\/p>\n\n\n\n<p>La investigaci\u00f3n revel\u00f3 que, entre el 26 y 27 de julio de 2024, Fito habr\u00eda estado en Tumaco (Colombia) bajo protecci\u00f3n de un grupo armado irregular. Y a\u00f1adi\u00f3 que, a principios de junio de 2025 \u2014cuando el capo a\u00fan era pr\u00f3fugo\u2014, delegados suyos dialogaron con autoridades colombianas. El gobierno ecuatoriano calific\u00f3 esos contactos como una interferencia en su intento de captura.<\/p>\n\n\n\n<p>Durante la estancia de Petro, su seguridad interna estuvo a cargo de agentes colombianos, mientras que las Fuerzas Armadas de Ecuador resguardaron el per\u00edmetro externo sin acceso al entorno cercano. Documentos de Inteligencia reportaron m\u00fasica y festejos privados dentro de la casa, as\u00ed como movimientos constantes de veh\u00edculos con vidrios polarizados. <\/p>\n\n\n\n<p>Al abandonar la residencia, Petro habr\u00eda estado acompa\u00f1ado por mujeres ajenas a su equipo de seguridad oficial.<br>El mandatario colombiano defendi\u00f3 que su viaje fue oficial, cont\u00f3 con protecci\u00f3n ecuatoriana y asegur\u00f3 que aprovech\u00f3 para escribir 30 p\u00e1ginas de un libro sobre capitalismo y crisis clim\u00e1tica.<\/p>\n\n\n\n<figure class=\"wp-block-image size-full\"><img decoding=\"async\" width=\"768\" height=\"295\" src=\"https:\/\/elmercuriomanta.ec\/wp-content\/uploads\/2026\/04\/image-343.png\" alt=\"\" class=\"wp-image-64799\" srcset=\"https:\/\/elmercuriomanta.ec\/wp-content\/uploads\/2026\/04\/image-343.png 768w, https:\/\/elmercuriomanta.ec\/wp-content\/uploads\/2026\/04\/image-343-300x115.png 300w\" sizes=\"(max-width: 768px) 100vw, 768px\" \/><\/figure>\n","protected":false},"excerpt":{"rendered":"<p>El presidente de Colombia, Gustavo Petro, viaj\u00f3 a Ecuador en mayo pasado para asistir a la posesi\u00f3n de Daniel Noboa. Seg\u00fan una investigaci\u00f3n de C\u00f3digo Vidrio y Vistazo, Petro permaneci\u00f3 tres d\u00edas (24 al 26 de mayo) en una residencia de Manta sin realizar actividades oficiales, aunque recibi\u00f3 invitados. <\/p>\n","protected":false},"author":14,"featured_media":64798,"comment_status":"open","ping_status":"open","sticky":false,"template":"","format":"standard","meta":{"footnotes":""},"categories":[108],"tags":[],"class_list":["post-64797","post","type-post","status-publish","format-standard","has-post-thumbnail","hentry","category-locales"],"_links":{"self":[{"href":"https:\/\/elmercuriomanta.ec\/index.php\/wp-json\/wp\/v2\/posts\/64797","targetHints":{"allow":["GET"]}}],"collection":[{"href":"https:\/\/elmercuriomanta.ec\/index.php\/wp-json\/wp\/v2\/posts"}],"about":[{"href":"https:\/\/elmercuriomanta.ec\/index.php\/wp-json\/wp\/v2\/types\/post"}],"author":[{"embeddable":true,"href":"https:\/\/elmercuriomanta.ec\/index.php\/wp-json\/wp\/v2\/users\/14"}],"replies":[{"embeddable":true,"href":"https:\/\/elmercuriomanta.ec\/index.php\/wp-json\/wp\/v2\/comments?post=64797"}],"version-history":[{"count":1,"href":"https:\/\/elmercuriomanta.ec\/index.php\/wp-json\/wp\/v2\/posts\/64797\/revisions"}],"predecessor-version":[{"id":64800,"href":"https:\/\/elmercuriomanta.ec\/index.php\/wp-json\/wp\/v2\/posts\/64797\/revisions\/64800"}],"wp:featuredmedia":[{"embeddable":true,"href":"https:\/\/elmercuriomanta.ec\/index.php\/wp-json\/wp\/v2\/media\/64798"}],"wp:attachment":[{"href":"https:\/\/elmercuriomanta.ec\/index.php\/wp-json\/wp\/v2\/media?parent=64797"}],"wp:term":[{"taxonomy":"category","embeddable":true,"href":"https:\/\/elmercuriomanta.ec\/index.php\/wp-json\/wp\/v2\/categories?post=64797"},{"taxonomy":"post_tag","embeddable":true,"href":"https:\/\/elmercuriomanta.ec\/index.php\/wp-json\/wp\/v2\/tags?post=64797"}],"curies":[{"name":"wp","href":"https:\/\/api.w.org\/{rel}","templated":true}]}}