{"id":64786,"date":"2026-04-28T09:47:25","date_gmt":"2026-04-28T14:47:25","guid":{"rendered":"https:\/\/elmercuriomanta.ec\/?p=64786"},"modified":"2026-04-28T09:47:25","modified_gmt":"2026-04-28T14:47:25","slug":"hay-que-declarar-emergencia-barrios-de-manta-cierran-calles-con-basura-ante-crisis","status":"publish","type":"post","link":"https:\/\/elmercuriomanta.ec\/index.php\/2026\/04\/28\/hay-que-declarar-emergencia-barrios-de-manta-cierran-calles-con-basura-ante-crisis\/","title":{"rendered":"\u00abHAY QUE DECLARAR EMERGENCIA\u00bb: BARRIOS DE MANTA CIERRAN CALLES CON BASURA ANTE CRISIS"},"content":{"rendered":"\n<p>\u201cTomamos la decisi\u00f3n de cerrar la calle porque la v\u00eda lleva m\u00e1s de un a\u00f1o da\u00f1ada y tampoco recogen la basura\u201d. Con esta frase, Vanessa Orrala L\u00f3pez, habitante del barrio Miraflores, resume el malestar que se vive en Manta.<\/p>\n\n\n\n<figure class=\"wp-block-image aligncenter size-full\"><img fetchpriority=\"high\" decoding=\"async\" width=\"710\" height=\"458\" src=\"https:\/\/elmercuriomanta.ec\/wp-content\/uploads\/2026\/04\/image-339.png\" alt=\"\" class=\"wp-image-64791\" srcset=\"https:\/\/elmercuriomanta.ec\/wp-content\/uploads\/2026\/04\/image-339.png 710w, https:\/\/elmercuriomanta.ec\/wp-content\/uploads\/2026\/04\/image-339-300x194.png 300w\" sizes=\"(max-width: 710px) 100vw, 710px\" \/><\/figure>\n\n\n\n<p>En la calle Venezuela, los moradores bloquearon el paso con un contenedor, fundas de basura y cintas de peligro. La medida busca llamar la atenci\u00f3n ante la falta de recolecci\u00f3n de desechos y el deterioro de la v\u00eda. \u201cHan venido a ofrecer arreglos, hubo manifestaciones y no pasa nada. Toda la calle est\u00e1 igual\u201d, a\u00f1adi\u00f3 Orrala, mientras se\u00f1ala la acumulaci\u00f3n de residuos.<\/p>\n\n\n\n<p>El malestar no se limita a Miraflores. En el barrio 1 de Enero, \u00d3scar Anchundia describi\u00f3 una situaci\u00f3n similar: la gente deja la basura en la calle como forma de reclamo. \u201cEsto apesta demasiado, trae enfermedades y nos perjudica\u201d, afirm\u00f3. Anchundia advirti\u00f3 que el cierre de v\u00edas es recurrente. \u201cHay que declarar emergencia\u201d, sentenci\u00f3.<\/p>\n\n\n\n<p><strong>OCHO D\u00cdAS SIN RECOLECCI\u00d3N AGRAVAN LA CRISIS<\/strong><br>Manta enfrenta una crisis de basura que ya cumple ocho d\u00edas. El problema comenz\u00f3 el lunes 20 de abril, cuando los trabajadores de recolecci\u00f3n iniciaron un paro por sueldos impagos. Seg\u00fan los obreros, el Municipio adeuda al menos dos meses de salario. Desde entonces, el servicio opera de forma irregular, con apoyo parcial de personal contratado y maquinaria privada. <\/p>\n\n\n\n<p>Esto ha provocado una acumulaci\u00f3n creciente de residuos en barrios, avenidas y zonas comerciales. Durante 2025, la ciudad registr\u00f3 al menos cinco paralizaciones similares. Ante el escenario, el Gobierno nacional, a trav\u00e9s del COE, dispuso acciones inmediatas el 25 de abril, tras evaluar informes de Ambiente, Gesti\u00f3n de Riesgos y Salud.  Las autoridades ordenaron al Municipio retomar el servicio de forma urgente.<\/p>\n\n\n\n<p><strong>OBREROS MANTIENEN EL PARO Y CUESTIONAN INCUMPLIMIENTOS<\/strong><br>Esta ma\u00f1ana, los trabajadores marcharon por el centro de Manta hasta el municipio para mostrar su malestar. El dirigente \u00cdtalo Hern\u00e1ndez insisti\u00f3 en que la paralizaci\u00f3n responde a una deuda acumulada, no a intereses pol\u00edticos. \u201cLlevamos ocho d\u00edas. Nos adeudan febrero, marzo y parte de abril\u201d, explic\u00f3. \u201cHa sido lo mismo en los \u00faltimos tres a\u00f1os, es inaguantable\u201d. Ofreci\u00f3 disculpas a la ciudadan\u00eda: \u201cEsto nos duele a todos\u201d.<\/p>\n\n\n\n<p><strong>MUNICIPIO ACTIVA PLAN DE CONTINGENCIA<\/strong><br>El coordinador de Higiene, Leonardo Hidalgo, asegur\u00f3 que se ejecuta un plan con apoyo privado. Manta genera 350 toneladas diarias de basura; actualmente se recolecta entre el 70% y 75%. Se han reactivado 18 de las 26 rutas. Hidalgo espera normalizar el servicio antes del feriado del 1 de mayo.<\/p>\n\n\n\n<figure class=\"wp-block-image aligncenter size-large\"><img decoding=\"async\" width=\"1024\" height=\"576\" src=\"https:\/\/elmercuriomanta.ec\/wp-content\/uploads\/2026\/04\/image-340-1024x576.png\" alt=\"\" class=\"wp-image-64792\" srcset=\"https:\/\/elmercuriomanta.ec\/wp-content\/uploads\/2026\/04\/image-340-1024x576.png 1024w, https:\/\/elmercuriomanta.ec\/wp-content\/uploads\/2026\/04\/image-340-300x169.png 300w, https:\/\/elmercuriomanta.ec\/wp-content\/uploads\/2026\/04\/image-340-768x432.png 768w, https:\/\/elmercuriomanta.ec\/wp-content\/uploads\/2026\/04\/image-340.png 1191w\" sizes=\"(max-width: 1024px) 100vw, 1024px\" \/><\/figure>\n","protected":false},"excerpt":{"rendered":"<p>\u201cTomamos la decisi\u00f3n de cerrar la calle porque la v\u00eda lleva m\u00e1s de un a\u00f1o da\u00f1ada y tampoco recogen la basura\u201d. Con esta frase, Vanessa Orrala L\u00f3pez, habitante del barrio Miraflores, resume el malestar que se vive en Manta<\/p>\n","protected":false},"author":14,"featured_media":64791,"comment_status":"open","ping_status":"open","sticky":false,"template":"","format":"standard","meta":{"footnotes":""},"categories":[108],"tags":[],"class_list":["post-64786","post","type-post","status-publish","format-standard","has-post-thumbnail","hentry","category-locales"],"_links":{"self":[{"href":"https:\/\/elmercuriomanta.ec\/index.php\/wp-json\/wp\/v2\/posts\/64786","targetHints":{"allow":["GET"]}}],"collection":[{"href":"https:\/\/elmercuriomanta.ec\/index.php\/wp-json\/wp\/v2\/posts"}],"about":[{"href":"https:\/\/elmercuriomanta.ec\/index.php\/wp-json\/wp\/v2\/types\/post"}],"author":[{"embeddable":true,"href":"https:\/\/elmercuriomanta.ec\/index.php\/wp-json\/wp\/v2\/users\/14"}],"replies":[{"embeddable":true,"href":"https:\/\/elmercuriomanta.ec\/index.php\/wp-json\/wp\/v2\/comments?post=64786"}],"version-history":[{"count":1,"href":"https:\/\/elmercuriomanta.ec\/index.php\/wp-json\/wp\/v2\/posts\/64786\/revisions"}],"predecessor-version":[{"id":64793,"href":"https:\/\/elmercuriomanta.ec\/index.php\/wp-json\/wp\/v2\/posts\/64786\/revisions\/64793"}],"wp:featuredmedia":[{"embeddable":true,"href":"https:\/\/elmercuriomanta.ec\/index.php\/wp-json\/wp\/v2\/media\/64791"}],"wp:attachment":[{"href":"https:\/\/elmercuriomanta.ec\/index.php\/wp-json\/wp\/v2\/media?parent=64786"}],"wp:term":[{"taxonomy":"category","embeddable":true,"href":"https:\/\/elmercuriomanta.ec\/index.php\/wp-json\/wp\/v2\/categories?post=64786"},{"taxonomy":"post_tag","embeddable":true,"href":"https:\/\/elmercuriomanta.ec\/index.php\/wp-json\/wp\/v2\/tags?post=64786"}],"curies":[{"name":"wp","href":"https:\/\/api.w.org\/{rel}","templated":true}]}}