{"id":64763,"date":"2026-04-27T14:04:26","date_gmt":"2026-04-27T19:04:26","guid":{"rendered":"https:\/\/elmercuriomanta.ec\/?p=64763"},"modified":"2026-04-27T14:04:26","modified_gmt":"2026-04-27T19:04:26","slug":"la-polemica-reforma-que-habilita-la-cadena-perpetua-para-menores-en-el-salvador","status":"publish","type":"post","link":"https:\/\/elmercuriomanta.ec\/index.php\/2026\/04\/27\/la-polemica-reforma-que-habilita-la-cadena-perpetua-para-menores-en-el-salvador\/","title":{"rendered":"La pol\u00e9mica reforma que habilita la cadena perpetua para menores en El Salvador"},"content":{"rendered":"\n<figure class=\"wp-block-image aligncenter size-large is-resized\"><img fetchpriority=\"high\" decoding=\"async\" width=\"1024\" height=\"576\" src=\"https:\/\/elmercuriomanta.ec\/wp-content\/uploads\/2026\/04\/image-335-1024x576.png\" alt=\"\" class=\"wp-image-64764\" style=\"width:703px;height:auto\" srcset=\"https:\/\/elmercuriomanta.ec\/wp-content\/uploads\/2026\/04\/image-335-1024x576.png 1024w, https:\/\/elmercuriomanta.ec\/wp-content\/uploads\/2026\/04\/image-335-300x169.png 300w, https:\/\/elmercuriomanta.ec\/wp-content\/uploads\/2026\/04\/image-335-768x432.png 768w, https:\/\/elmercuriomanta.ec\/wp-content\/uploads\/2026\/04\/image-335.png 1200w\" sizes=\"(max-width: 1024px) 100vw, 1024px\" \/><\/figure>\n\n\n\n<p>El pol\u00e9mico paquete de reformas penales que habilita la cadena perpetua para menores en El Salvador entr\u00f3 en vigor este domingo, 30 d\u00edas despu\u00e9s de su aprobaci\u00f3n en la Asamblea Legislativa a petici\u00f3n del presidente,\u00a0Nayib\u00a0Bukele, entre cr\u00edticas locales e internacionales.\u00a0<br>\u00a0<br>Estas reformas penales, cuyo decreto legislativo fue publicado el 27 de marzo pasado en el Diario Oficial, fueron avaladas tras la ratificaci\u00f3n de un cambio constitucional que impone la prisi\u00f3n perpetua para delitos de homicidio\u00a0(incluido el feminicidio), violaci\u00f3n y pertenencia a las pandillas, considerados grupos terroristas en El Salvador.\u00a0Las enmiendas imponen la cadena perpetua a los menores juzgados y condenados por los estos delitos, y crea los \u201cjuzgados de lo criminal\u201d que se encargar\u00e1n de procesar\u00a0este caso,\u00a0a excepci\u00f3n de los relacionados con el terrorismo, as\u00ed como un proceso especial para su tr\u00e1mite.\u00a0\u00a0<br>\u00a0<br>Las reformas tambi\u00e9n establecen que los condenados en estos casos no tendr\u00e1n los beneficios de la \u201clibertad condicional ni la libertad condicional anticipada\u201d, y que \u201c\u00fanicamente aplicar\u00e1 la revisi\u00f3n de la pena perpetua y en caso de ser procedente el r\u00e9gimen de libertad controlada\u201d. Entre las justificaciones dadas por el Congreso, dominado por el partido gobernante Nuevas Idas (NI), est\u00e1 que la cadena perpetua \u00abmantiene su compatibilidad con est\u00e1ndares constitucionales internacionales en materia de derecho de la ni\u00f1ez, al establecer la revisi\u00f3n obligatoria de la pena conforme a la dispuesto al C\u00f3digo Penal, garantizando la evaluaci\u00f3n peri\u00f3dica\u00bb.\u00a0\u00a0<br>\u00a0<br>Sin embargo, organismos como la Comisi\u00f3n Interamericana de Derechos Humanos (CIDH) y Human\u00a0Rights\u00a0Watch\u00a0(HRW) apuntan que es contrario a dichos est\u00e1ndares. La CIDH analiz\u00f3 que \u201cla imposici\u00f3n de prisi\u00f3n perpetua a ni\u00f1as, ni\u00f1os y adolescentes es incompatible con la jurisprudencia interamericana, por resultar desproporcionada frente a la finalidad de resocializaci\u00f3n de la pena\u00bb.\u00a0\u00a0<br>\u00a0<br>La directora de la Divisi\u00f3n de las Am\u00e9rica de la organizaci\u00f3n HRW, Juanita\u00a0Goebertus, dijo el pasado 27 de marzo que, seg\u00fan lo aprobado, la prisi\u00f3n perpetua podr\u00eda ser revisada tras 25 a\u00f1os de pena, lo que \u00abcontradice est\u00e1ndares internacionales, ya que las penas para ni\u00f1os deben ser sustancialmente m\u00e1s cortas y ofrecer oportunidades reales de reinserci\u00f3n\u00bb. Las reformas para permitir la pena perpetua en el pa\u00eds se aprobaron en el marco de la implementaci\u00f3n de un r\u00e9gimen de excepci\u00f3n, vigente desde marzo de 2022.\u00a0\u00a0<br>\u00a0<br>Esa medida ha causado m\u00e1s de 91.000 detenidos, m\u00e1s de 6.400 denuncias de violaciones a derechos humanos y al menos 500 muertos de personas bajo custodia de agentes del Estado.\u00a0<\/p>\n","protected":false},"excerpt":{"rendered":"<p>El pol\u00e9mico paquete de reformas penales que habilita la cadena perpetua para menores en El Salvador entr\u00f3 en vigor este domingo, 30 d\u00edas despu\u00e9s de su aprobaci\u00f3n en la Asamblea Legislativa a petici\u00f3n del presidente,\u00a0Nayib\u00a0Bukele, entre cr\u00edticas locales e internacionales.\u00a0<\/p>\n","protected":false},"author":14,"featured_media":64764,"comment_status":"open","ping_status":"open","sticky":false,"template":"","format":"standard","meta":{"footnotes":""},"categories":[8],"tags":[],"class_list":["post-64763","post","type-post","status-publish","format-standard","has-post-thumbnail","hentry","category-internacional"],"_links":{"self":[{"href":"https:\/\/elmercuriomanta.ec\/index.php\/wp-json\/wp\/v2\/posts\/64763","targetHints":{"allow":["GET"]}}],"collection":[{"href":"https:\/\/elmercuriomanta.ec\/index.php\/wp-json\/wp\/v2\/posts"}],"about":[{"href":"https:\/\/elmercuriomanta.ec\/index.php\/wp-json\/wp\/v2\/types\/post"}],"author":[{"embeddable":true,"href":"https:\/\/elmercuriomanta.ec\/index.php\/wp-json\/wp\/v2\/users\/14"}],"replies":[{"embeddable":true,"href":"https:\/\/elmercuriomanta.ec\/index.php\/wp-json\/wp\/v2\/comments?post=64763"}],"version-history":[{"count":1,"href":"https:\/\/elmercuriomanta.ec\/index.php\/wp-json\/wp\/v2\/posts\/64763\/revisions"}],"predecessor-version":[{"id":64765,"href":"https:\/\/elmercuriomanta.ec\/index.php\/wp-json\/wp\/v2\/posts\/64763\/revisions\/64765"}],"wp:featuredmedia":[{"embeddable":true,"href":"https:\/\/elmercuriomanta.ec\/index.php\/wp-json\/wp\/v2\/media\/64764"}],"wp:attachment":[{"href":"https:\/\/elmercuriomanta.ec\/index.php\/wp-json\/wp\/v2\/media?parent=64763"}],"wp:term":[{"taxonomy":"category","embeddable":true,"href":"https:\/\/elmercuriomanta.ec\/index.php\/wp-json\/wp\/v2\/categories?post=64763"},{"taxonomy":"post_tag","embeddable":true,"href":"https:\/\/elmercuriomanta.ec\/index.php\/wp-json\/wp\/v2\/tags?post=64763"}],"curies":[{"name":"wp","href":"https:\/\/api.w.org\/{rel}","templated":true}]}}