{"id":64758,"date":"2026-04-27T14:05:29","date_gmt":"2026-04-27T19:05:29","guid":{"rendered":"https:\/\/elmercuriomanta.ec\/?p=64758"},"modified":"2026-04-27T14:05:29","modified_gmt":"2026-04-27T19:05:29","slug":"atentado-deja-20-muertos-y-expone-la-escalada-violenta-de-las-disidencias-de-farc-en-el-cuaca","status":"publish","type":"post","link":"https:\/\/elmercuriomanta.ec\/index.php\/2026\/04\/27\/atentado-deja-20-muertos-y-expone-la-escalada-violenta-de-las-disidencias-de-farc-en-el-cuaca\/","title":{"rendered":"ATENTADO DEJA 20 MUERTOS Y EXPONE LA ESCALADA VIOLENTA DE LAS DISIDENCIAS DE FARC EN EL CUACA"},"content":{"rendered":"\n<p>El m\u00e1s reciente reporte del gobernador del Cauca, Octavio Guzm\u00e1n, confirm\u00f3 que el atentado con explosivos en la v\u00eda Panamericana elev\u00f3 a 20 el n\u00famero de fallecidos: 15 mujeres y 5 hombres, todos mayores de edad.<\/p>\n\n\n\n<figure class=\"wp-block-image size-large\"><img fetchpriority=\"high\" decoding=\"async\" width=\"1024\" height=\"576\" src=\"https:\/\/elmercuriomanta.ec\/wp-content\/uploads\/2026\/04\/image-334-1024x576.png\" alt=\"\" class=\"wp-image-64762\" srcset=\"https:\/\/elmercuriomanta.ec\/wp-content\/uploads\/2026\/04\/image-334-1024x576.png 1024w, https:\/\/elmercuriomanta.ec\/wp-content\/uploads\/2026\/04\/image-334-300x169.png 300w, https:\/\/elmercuriomanta.ec\/wp-content\/uploads\/2026\/04\/image-334-768x432.png 768w, https:\/\/elmercuriomanta.ec\/wp-content\/uploads\/2026\/04\/image-334.png 1200w\" sizes=\"(max-width: 1024px) 100vw, 1024px\" \/><\/figure>\n\n\n\n<p>Adem\u00e1s, 36 personas resultaron heridas, tres en cuidados intensivos, y cinco menores est\u00e1n fuera de peligro. Seis equipos de Medicina Legal trabajan en la identificaci\u00f3n de las v\u00edctimas. El cr\u00e1ter de unos 200 metros c\u00fabicos ya era intervenido para restablecer el paso. Entre los muertos est\u00e1 la lideresa afro Patricia Mosquera. Indepaz se\u00f1ala que suman 48 l\u00edderes sociales asesinados en 2026. <\/p>\n\n\n\n<p>Guzm\u00e1n decret\u00f3 tres d\u00edas de duelo y anunci\u00f3 ayudas humanitarias. La vicepresidenta Francia M\u00e1rquez escribi\u00f3 en X: \u201cBasta ya de arrebatarle la vida al pueblo\u201d. Las autoridades atribuyen el ataque a alias \u00abMarlon\u00bb, cabecilla de una estructura de las disidencias de Iv\u00e1n Mordisco. Se ofrece una recompensa de 5.000 millones de pesos por su captura. En solo dos d\u00edas hubo 26 acciones terroristas en Cauca y Valle. El presidente Petro calific\u00f3 a los responsables como \u00abnarcoterroristas\u00bb y orden\u00f3 el despliegue de m\u00e1s de 25 pelotones.<\/p>\n","protected":false},"excerpt":{"rendered":"<p>El m\u00e1s reciente reporte del gobernador del Cauca, Octavio Guzm\u00e1n, confirm\u00f3 que el atentado con explosivos en la v\u00eda Panamericana elev\u00f3 a 20 el n\u00famero de fallecidos: 15 mujeres y 5 hombres, todos mayores de edad.<\/p>\n","protected":false},"author":14,"featured_media":64762,"comment_status":"open","ping_status":"open","sticky":false,"template":"","format":"standard","meta":{"footnotes":""},"categories":[8],"tags":[],"class_list":["post-64758","post","type-post","status-publish","format-standard","has-post-thumbnail","hentry","category-internacional"],"_links":{"self":[{"href":"https:\/\/elmercuriomanta.ec\/index.php\/wp-json\/wp\/v2\/posts\/64758","targetHints":{"allow":["GET"]}}],"collection":[{"href":"https:\/\/elmercuriomanta.ec\/index.php\/wp-json\/wp\/v2\/posts"}],"about":[{"href":"https:\/\/elmercuriomanta.ec\/index.php\/wp-json\/wp\/v2\/types\/post"}],"author":[{"embeddable":true,"href":"https:\/\/elmercuriomanta.ec\/index.php\/wp-json\/wp\/v2\/users\/14"}],"replies":[{"embeddable":true,"href":"https:\/\/elmercuriomanta.ec\/index.php\/wp-json\/wp\/v2\/comments?post=64758"}],"version-history":[{"count":1,"href":"https:\/\/elmercuriomanta.ec\/index.php\/wp-json\/wp\/v2\/posts\/64758\/revisions"}],"predecessor-version":[{"id":64766,"href":"https:\/\/elmercuriomanta.ec\/index.php\/wp-json\/wp\/v2\/posts\/64758\/revisions\/64766"}],"wp:featuredmedia":[{"embeddable":true,"href":"https:\/\/elmercuriomanta.ec\/index.php\/wp-json\/wp\/v2\/media\/64762"}],"wp:attachment":[{"href":"https:\/\/elmercuriomanta.ec\/index.php\/wp-json\/wp\/v2\/media?parent=64758"}],"wp:term":[{"taxonomy":"category","embeddable":true,"href":"https:\/\/elmercuriomanta.ec\/index.php\/wp-json\/wp\/v2\/categories?post=64758"},{"taxonomy":"post_tag","embeddable":true,"href":"https:\/\/elmercuriomanta.ec\/index.php\/wp-json\/wp\/v2\/tags?post=64758"}],"curies":[{"name":"wp","href":"https:\/\/api.w.org\/{rel}","templated":true}]}}