{"id":64725,"date":"2026-04-27T12:07:59","date_gmt":"2026-04-27T17:07:59","guid":{"rendered":"https:\/\/elmercuriomanta.ec\/?p=64725"},"modified":"2026-04-27T12:07:59","modified_gmt":"2026-04-27T17:07:59","slug":"caso-encuentro-corte-nacional-de-justicia-archiva-proceso-de-extradicion-de-alias-el-turco","status":"publish","type":"post","link":"https:\/\/elmercuriomanta.ec\/index.php\/2026\/04\/27\/caso-encuentro-corte-nacional-de-justicia-archiva-proceso-de-extradicion-de-alias-el-turco\/","title":{"rendered":"CASO ENCUENTRO: CORTE NACIONAL DE JUSTICIA ARCHIVA PROCESO DE EXTRADICI\u00d3N DE ALIAS &#8216;EL TURCO&#8217;"},"content":{"rendered":"\n<p>Tras un a\u00f1o y tres meses de su detenci\u00f3n y liberaci\u00f3n en Colombia, hay novedades sobre Gabriel Nain Massuh Villarruel, alias &#8216;El Turco&#8217;, procesado por el caso &#8216;Encuentro&#8217; en Ecuador. El presidente de la Corte Nacional de Justicia, Marco Rodr\u00edguez, orden\u00f3 el archivo definitivo de su extradici\u00f3n el 16 de abril de 2026.<\/p>\n\n\n\n<p> <\/p>\n\n\n\n<figure class=\"wp-block-image size-full\"><img fetchpriority=\"high\" decoding=\"async\" width=\"832\" height=\"468\" src=\"https:\/\/elmercuriomanta.ec\/wp-content\/uploads\/2026\/04\/image-326.png\" alt=\"\" class=\"wp-image-64726\" srcset=\"https:\/\/elmercuriomanta.ec\/wp-content\/uploads\/2026\/04\/image-326.png 832w, https:\/\/elmercuriomanta.ec\/wp-content\/uploads\/2026\/04\/image-326-300x169.png 300w, https:\/\/elmercuriomanta.ec\/wp-content\/uploads\/2026\/04\/image-326-768x432.png 768w\" sizes=\"(max-width: 832px) 100vw, 832px\" \/><\/figure>\n\n\n\n<p>Massuh tiene estatus de refugiado en Colombia, concedido tras su arresto. As\u00ed consta en la resoluci\u00f3n, pero la notificaci\u00f3n Roja de Interpol sigue activa. Si es localizado en un pa\u00eds sin ese estatus, el juez podr\u00e1 reactivar la extradici\u00f3n. El juez Ren\u00e1n Andrade, a cargo del caso, fue notificado. <\/p>\n\n\n\n<p>Massuh, empresario guayaquile\u00f1o, es pieza clave por presunta delincuencia organizada y corrupci\u00f3n en CNEL. En noviembre de 2023 fue vinculado y recibi\u00f3 prisi\u00f3n preventiva; en agosto de 2024 fue llamado a juicio. La Fiscal\u00eda se\u00f1ala que manej\u00f3 unidades de negocio en CNEL junto a Clemente Icaza Morla, exgerente.<\/p>\n","protected":false},"excerpt":{"rendered":"<p>Tras un a\u00f1o y tres meses de su detenci\u00f3n y liberaci\u00f3n en Colombia, hay novedades sobre Gabriel Nain Massuh Villarruel, alias &#8216;El Turco&#8217;, procesado por el caso &#8216;Encuentro&#8217; en Ecuador. El presidente de la Corte Nacional de Justicia, Marco Rodr\u00edguez, orden\u00f3 el archivo definitivo de su extradici\u00f3n el 16 de abril de 2026.<\/p>\n","protected":false},"author":14,"featured_media":64726,"comment_status":"open","ping_status":"open","sticky":false,"template":"","format":"standard","meta":{"footnotes":""},"categories":[106],"tags":[],"class_list":["post-64725","post","type-post","status-publish","format-standard","has-post-thumbnail","hentry","category-nacionales"],"_links":{"self":[{"href":"https:\/\/elmercuriomanta.ec\/index.php\/wp-json\/wp\/v2\/posts\/64725","targetHints":{"allow":["GET"]}}],"collection":[{"href":"https:\/\/elmercuriomanta.ec\/index.php\/wp-json\/wp\/v2\/posts"}],"about":[{"href":"https:\/\/elmercuriomanta.ec\/index.php\/wp-json\/wp\/v2\/types\/post"}],"author":[{"embeddable":true,"href":"https:\/\/elmercuriomanta.ec\/index.php\/wp-json\/wp\/v2\/users\/14"}],"replies":[{"embeddable":true,"href":"https:\/\/elmercuriomanta.ec\/index.php\/wp-json\/wp\/v2\/comments?post=64725"}],"version-history":[{"count":1,"href":"https:\/\/elmercuriomanta.ec\/index.php\/wp-json\/wp\/v2\/posts\/64725\/revisions"}],"predecessor-version":[{"id":64727,"href":"https:\/\/elmercuriomanta.ec\/index.php\/wp-json\/wp\/v2\/posts\/64725\/revisions\/64727"}],"wp:featuredmedia":[{"embeddable":true,"href":"https:\/\/elmercuriomanta.ec\/index.php\/wp-json\/wp\/v2\/media\/64726"}],"wp:attachment":[{"href":"https:\/\/elmercuriomanta.ec\/index.php\/wp-json\/wp\/v2\/media?parent=64725"}],"wp:term":[{"taxonomy":"category","embeddable":true,"href":"https:\/\/elmercuriomanta.ec\/index.php\/wp-json\/wp\/v2\/categories?post=64725"},{"taxonomy":"post_tag","embeddable":true,"href":"https:\/\/elmercuriomanta.ec\/index.php\/wp-json\/wp\/v2\/tags?post=64725"}],"curies":[{"name":"wp","href":"https:\/\/api.w.org\/{rel}","templated":true}]}}