{"id":64709,"date":"2026-04-27T10:44:30","date_gmt":"2026-04-27T15:44:30","guid":{"rendered":"https:\/\/elmercuriomanta.ec\/?p=64709"},"modified":"2026-04-27T10:44:30","modified_gmt":"2026-04-27T15:44:30","slug":"lo-que-hay-detras-de-la-acumulacion-de-residuos-que-preocupa-al-gobierno-en-manta","status":"publish","type":"post","link":"https:\/\/elmercuriomanta.ec\/index.php\/2026\/04\/27\/lo-que-hay-detras-de-la-acumulacion-de-residuos-que-preocupa-al-gobierno-en-manta\/","title":{"rendered":"LO QUE HAY DETR\u00c1S DE LA ACUMULACI\u00d3N DE RESIDUOS QUE PREOCUPA AL GOBIERNO EN MANTA"},"content":{"rendered":"\n<p>La acumulaci\u00f3n de residuos s\u00f3lidos en el cant\u00f3n Manta llev\u00f3 al Gobierno a activar medidas inmediatas ante los riesgos sanitarios y ambientales que representa la falta de recolecci\u00f3n regular de basura en varios sectores de la ciudad.<\/p>\n\n\n\n<figure class=\"wp-block-image size-full\"><img fetchpriority=\"high\" decoding=\"async\" width=\"990\" height=\"621\" src=\"https:\/\/elmercuriomanta.ec\/wp-content\/uploads\/2026\/04\/image-320.png\" alt=\"\" class=\"wp-image-64710\" srcset=\"https:\/\/elmercuriomanta.ec\/wp-content\/uploads\/2026\/04\/image-320.png 990w, https:\/\/elmercuriomanta.ec\/wp-content\/uploads\/2026\/04\/image-320-300x188.png 300w, https:\/\/elmercuriomanta.ec\/wp-content\/uploads\/2026\/04\/image-320-768x482.png 768w\" sizes=\"(max-width: 990px) 100vw, 990px\" \/><\/figure>\n\n\n\n<p>La situaci\u00f3n fue analizada el s\u00e1bado 25 de abril durante una sesi\u00f3n virtual del Comit\u00e9 de Operaciones de Emergencia (COE) Nacional, que evalu\u00f3 informes t\u00e9cnicos de distintas entidades estatales. Tras el an\u00e1lisis, el COE dispuso que Gobierno Aut\u00f3nomo Descentralizado (GAD) Municipal de Manta ejecute de manera inmediata la recolecci\u00f3n de los residuos acumulados, al tratarse de una competencia directa del cabildo.<\/p>\n\n\n\n<p>La resoluci\u00f3n enfatiza que la falta de atenci\u00f3n al sistema de manejo de desechos podr\u00eda derivar en impactos negativos para la salud p\u00fablica, el ambiente y la seguridad ciudadana, especialmente en una ciudad con alta densidad poblacional y actividad comercial.<\/p>\n\n\n\n<p><strong>FORTALECER EL SISTEMA DE GESTI\u00d3N DE RESIDUOS<\/strong><br>Adem\u00e1s de la recolecci\u00f3n urgente, el COE inst\u00f3 a las autoridades cantonales a fortalecer el sistema de gesti\u00f3n integral de residuos s\u00f3lidos, con el objetivo de garantizar continuidad, cobertura y eficiencia en el servicio de limpieza. El Gobierno busca prevenir escenarios de riesgo sanitario y ambiental, considerando que la acumulaci\u00f3n prolongada de desechos puede favorecer la proliferaci\u00f3n de vectores y generar afectaciones a la calidad de vida de la poblaci\u00f3n.<\/p>\n\n\n\n<p><strong>COORDINACI\u00d3N INTERINSTITUCIONAL Y ACTIVACI\u00d3N DEL COE CANTONAL<\/strong><br>Como parte de las medidas adoptadas, se dispuso que el Municipio active mecanismos de coordinaci\u00f3n interinstitucional a nivel local, incluido el funcionamiento del COE Cantonal.<\/p>\n\n\n\n<p><\/p>\n","protected":false},"excerpt":{"rendered":"<p>La acumulaci\u00f3n de residuos s\u00f3lidos en el cant\u00f3n Manta llev\u00f3 al Gobierno a activar medidas inmediatas ante los riesgos sanitarios y ambientales que representa la falta de recolecci\u00f3n regular de basura en varios sectores de la ciudad.<\/p>\n","protected":false},"author":14,"featured_media":64710,"comment_status":"open","ping_status":"open","sticky":false,"template":"","format":"standard","meta":{"footnotes":""},"categories":[108],"tags":[],"class_list":["post-64709","post","type-post","status-publish","format-standard","has-post-thumbnail","hentry","category-locales"],"_links":{"self":[{"href":"https:\/\/elmercuriomanta.ec\/index.php\/wp-json\/wp\/v2\/posts\/64709","targetHints":{"allow":["GET"]}}],"collection":[{"href":"https:\/\/elmercuriomanta.ec\/index.php\/wp-json\/wp\/v2\/posts"}],"about":[{"href":"https:\/\/elmercuriomanta.ec\/index.php\/wp-json\/wp\/v2\/types\/post"}],"author":[{"embeddable":true,"href":"https:\/\/elmercuriomanta.ec\/index.php\/wp-json\/wp\/v2\/users\/14"}],"replies":[{"embeddable":true,"href":"https:\/\/elmercuriomanta.ec\/index.php\/wp-json\/wp\/v2\/comments?post=64709"}],"version-history":[{"count":1,"href":"https:\/\/elmercuriomanta.ec\/index.php\/wp-json\/wp\/v2\/posts\/64709\/revisions"}],"predecessor-version":[{"id":64711,"href":"https:\/\/elmercuriomanta.ec\/index.php\/wp-json\/wp\/v2\/posts\/64709\/revisions\/64711"}],"wp:featuredmedia":[{"embeddable":true,"href":"https:\/\/elmercuriomanta.ec\/index.php\/wp-json\/wp\/v2\/media\/64710"}],"wp:attachment":[{"href":"https:\/\/elmercuriomanta.ec\/index.php\/wp-json\/wp\/v2\/media?parent=64709"}],"wp:term":[{"taxonomy":"category","embeddable":true,"href":"https:\/\/elmercuriomanta.ec\/index.php\/wp-json\/wp\/v2\/categories?post=64709"},{"taxonomy":"post_tag","embeddable":true,"href":"https:\/\/elmercuriomanta.ec\/index.php\/wp-json\/wp\/v2\/tags?post=64709"}],"curies":[{"name":"wp","href":"https:\/\/api.w.org\/{rel}","templated":true}]}}