{"id":64704,"date":"2026-04-27T10:27:56","date_gmt":"2026-04-27T15:27:56","guid":{"rendered":"https:\/\/elmercuriomanta.ec\/?p=64704"},"modified":"2026-04-27T10:27:56","modified_gmt":"2026-04-27T15:27:56","slug":"sector-productivo-en-manabi-espera-medidas-para-poder-operar-durante-el-toque-de-queda","status":"publish","type":"post","link":"https:\/\/elmercuriomanta.ec\/index.php\/2026\/04\/27\/sector-productivo-en-manabi-espera-medidas-para-poder-operar-durante-el-toque-de-queda\/","title":{"rendered":"SECTOR PRODUCTIVO EN MANAB\u00cd ESPERA MEDIDAS PARA PODER OPERAR DURANTE EL TOQUE DE QUEDA"},"content":{"rendered":"\n<p>Manta, Montecristi y Jaramij\u00f3 son los principales polos industriales de Manab\u00ed. Solo las empresas atuneras de la zona exportan 350.000 toneladas anuales.<\/p>\n\n\n\n<figure class=\"wp-block-image size-full\"><img fetchpriority=\"high\" decoding=\"async\" width=\"1024\" height=\"683\" src=\"https:\/\/elmercuriomanta.ec\/wp-content\/uploads\/2026\/04\/image-318.png\" alt=\"\" class=\"wp-image-64706\" srcset=\"https:\/\/elmercuriomanta.ec\/wp-content\/uploads\/2026\/04\/image-318.png 1024w, https:\/\/elmercuriomanta.ec\/wp-content\/uploads\/2026\/04\/image-318-300x200.png 300w, https:\/\/elmercuriomanta.ec\/wp-content\/uploads\/2026\/04\/image-318-768x512.png 768w\" sizes=\"(max-width: 1024px) 100vw, 1024px\" \/><\/figure>\n\n\n\n<p>El toque de queda del 3 al 18 de mayo en nueve provincias genera preocupaci\u00f3n porque la oferta exportable manabita sale por puertos del Guayas. El producto debe viajar por carreteras nacionales, y la log\u00edstica ya estaba<br>pactada. Ra\u00fal Paladines, empresario atunero, se\u00f1ala: \u201cEl sector no se opone a las medidas de seguridad, sino a que no se tome en cuenta la log\u00edstica preestablecida.<\/p>\n\n\n\n<p>Los permisos horarios de buques y veh\u00edculos fueron gestionados sin saber que ven\u00eda el toque de queda\u201d. La C\u00e1mara Empresarial de Manta (91 compa\u00f1\u00edas) espera que las autoridades no afecten la producci\u00f3n. Su presidente, Marco Maldonado, advierte: \u201cLastimosamente no se pueden hacer reprogramaciones; eso provocar\u00e1 p\u00e9rdidas millonarias\u201d.<\/p>\n\n\n\n<p>En La Fabril, 300 trabajadores del turno nocturno ajustar\u00e1n sus horarios. El comercio mayorista tambi\u00e9n sufre: el mercado de frutas y legumbres de Portoviejo (m\u00e1s de 300 comerciantes) recibe camiones con productos perecibles desde la Sierra entre las 23:00 y las 05:00, justo durante el toque de queda. <\/p>\n\n\n\n<p>La medida busca reducir la violencia. Manab\u00ed no hab\u00eda sido incluida en decretos anteriores. En lo que va del a\u00f1o, la provincia supera los 300 asesinatos; solo en la \u00faltima semana hubo tres masacres (una en San Vicente y dos en Manta). <\/p>\n\n\n\n<figure class=\"wp-block-image size-large\"><img decoding=\"async\" width=\"1024\" height=\"911\" src=\"https:\/\/elmercuriomanta.ec\/wp-content\/uploads\/2026\/04\/image-319-1024x911.png\" alt=\"\" class=\"wp-image-64707\" srcset=\"https:\/\/elmercuriomanta.ec\/wp-content\/uploads\/2026\/04\/image-319-1024x911.png 1024w, https:\/\/elmercuriomanta.ec\/wp-content\/uploads\/2026\/04\/image-319-300x267.png 300w, https:\/\/elmercuriomanta.ec\/wp-content\/uploads\/2026\/04\/image-319-768x683.png 768w, https:\/\/elmercuriomanta.ec\/wp-content\/uploads\/2026\/04\/image-319.png 1330w\" sizes=\"(max-width: 1024px) 100vw, 1024px\" \/><\/figure>\n","protected":false},"excerpt":{"rendered":"<p>Manta, Montecristi y Jaramij\u00f3 son los principales polos industriales de Manab\u00ed. Solo las empresas atuneras de la zona exportan 350.000 toneladas anuales.<\/p>\n","protected":false},"author":14,"featured_media":64706,"comment_status":"open","ping_status":"open","sticky":false,"template":"","format":"standard","meta":{"footnotes":""},"categories":[108],"tags":[],"class_list":["post-64704","post","type-post","status-publish","format-standard","has-post-thumbnail","hentry","category-locales"],"_links":{"self":[{"href":"https:\/\/elmercuriomanta.ec\/index.php\/wp-json\/wp\/v2\/posts\/64704","targetHints":{"allow":["GET"]}}],"collection":[{"href":"https:\/\/elmercuriomanta.ec\/index.php\/wp-json\/wp\/v2\/posts"}],"about":[{"href":"https:\/\/elmercuriomanta.ec\/index.php\/wp-json\/wp\/v2\/types\/post"}],"author":[{"embeddable":true,"href":"https:\/\/elmercuriomanta.ec\/index.php\/wp-json\/wp\/v2\/users\/14"}],"replies":[{"embeddable":true,"href":"https:\/\/elmercuriomanta.ec\/index.php\/wp-json\/wp\/v2\/comments?post=64704"}],"version-history":[{"count":1,"href":"https:\/\/elmercuriomanta.ec\/index.php\/wp-json\/wp\/v2\/posts\/64704\/revisions"}],"predecessor-version":[{"id":64708,"href":"https:\/\/elmercuriomanta.ec\/index.php\/wp-json\/wp\/v2\/posts\/64704\/revisions\/64708"}],"wp:featuredmedia":[{"embeddable":true,"href":"https:\/\/elmercuriomanta.ec\/index.php\/wp-json\/wp\/v2\/media\/64706"}],"wp:attachment":[{"href":"https:\/\/elmercuriomanta.ec\/index.php\/wp-json\/wp\/v2\/media?parent=64704"}],"wp:term":[{"taxonomy":"category","embeddable":true,"href":"https:\/\/elmercuriomanta.ec\/index.php\/wp-json\/wp\/v2\/categories?post=64704"},{"taxonomy":"post_tag","embeddable":true,"href":"https:\/\/elmercuriomanta.ec\/index.php\/wp-json\/wp\/v2\/tags?post=64704"}],"curies":[{"name":"wp","href":"https:\/\/api.w.org\/{rel}","templated":true}]}}