{"id":64698,"date":"2026-04-27T09:47:53","date_gmt":"2026-04-27T14:47:53","guid":{"rendered":"https:\/\/elmercuriomanta.ec\/?p=64698"},"modified":"2026-04-27T09:47:53","modified_gmt":"2026-04-27T14:47:53","slug":"capturan-a-alias-yandel-presunto-cabecilla-de-los-aguilas-en-naranjito","status":"publish","type":"post","link":"https:\/\/elmercuriomanta.ec\/index.php\/2026\/04\/27\/capturan-a-alias-yandel-presunto-cabecilla-de-los-aguilas-en-naranjito\/","title":{"rendered":"Capturan a alias \u201cYandel\u201d\u00a0presunto cabecilla de \u201cLos \u00c1guilas\u201d en Naranjito"},"content":{"rendered":"\n<figure class=\"wp-block-image aligncenter size-large is-resized\"><img fetchpriority=\"high\" decoding=\"async\" width=\"819\" height=\"1024\" src=\"https:\/\/elmercuriomanta.ec\/wp-content\/uploads\/2026\/04\/image-314-819x1024.png\" alt=\"\" class=\"wp-image-64699\" style=\"width:394px;height:auto\" srcset=\"https:\/\/elmercuriomanta.ec\/wp-content\/uploads\/2026\/04\/image-314-819x1024.png 819w, https:\/\/elmercuriomanta.ec\/wp-content\/uploads\/2026\/04\/image-314-240x300.png 240w, https:\/\/elmercuriomanta.ec\/wp-content\/uploads\/2026\/04\/image-314-768x960.png 768w, https:\/\/elmercuriomanta.ec\/wp-content\/uploads\/2026\/04\/image-314.png 1080w\" sizes=\"(max-width: 819px) 100vw, 819px\" \/><\/figure>\n\n\n\n<p>Un operativo de inteligencia militar permiti\u00f3 la detenci\u00f3n de alias \u201cYandel\u201d, se\u00f1alado como uno de los principales l\u00edderes del grupo de delincuencia organizada \u201cLos \u00c1guilas\u201d, que operar\u00eda en el cant\u00f3n Naranjito, provincia del Guayas.\u00a0\u00a0<br>\u00a0<br>La intervenci\u00f3n, coordinada con el Centro Nacional de Inteligencia, forma parte de las acciones para debilitar estructuras criminales en zonas consideradas de alta conflictividad. Durante el procedimiento, las autoridades incautaron armas de fuego y municiones, lo que evidencia el nivel de riesgo asociado a las actividades del detenido.\u00a0\u00a0<br>\u00a0<br>Seg\u00fan informaci\u00f3n oficial, el sospechoso registra antecedentes por delitos como asesinato, extorsi\u00f3n, tr\u00e1fico de drogas, robo y resistencia a la autoridad. Las Fuerzas Armadas se\u00f1alaron que este resultado representa un avance en la lucha contra el crimen organizado en el pa\u00eds.\u00a0<\/p>\n","protected":false},"excerpt":{"rendered":"<p>Un operativo de inteligencia militar permiti\u00f3 la detenci\u00f3n de alias \u201cYandel\u201d, se\u00f1alado como uno de los principales l\u00edderes del grupo de delincuencia organizada \u201cLos \u00c1guilas\u201d, que operar\u00eda en el cant\u00f3n Naranjito, provincia del Guayas.\u00a0\u00a0<\/p>\n","protected":false},"author":14,"featured_media":64699,"comment_status":"open","ping_status":"open","sticky":false,"template":"","format":"standard","meta":{"footnotes":""},"categories":[106],"tags":[],"class_list":["post-64698","post","type-post","status-publish","format-standard","has-post-thumbnail","hentry","category-nacionales"],"_links":{"self":[{"href":"https:\/\/elmercuriomanta.ec\/index.php\/wp-json\/wp\/v2\/posts\/64698","targetHints":{"allow":["GET"]}}],"collection":[{"href":"https:\/\/elmercuriomanta.ec\/index.php\/wp-json\/wp\/v2\/posts"}],"about":[{"href":"https:\/\/elmercuriomanta.ec\/index.php\/wp-json\/wp\/v2\/types\/post"}],"author":[{"embeddable":true,"href":"https:\/\/elmercuriomanta.ec\/index.php\/wp-json\/wp\/v2\/users\/14"}],"replies":[{"embeddable":true,"href":"https:\/\/elmercuriomanta.ec\/index.php\/wp-json\/wp\/v2\/comments?post=64698"}],"version-history":[{"count":1,"href":"https:\/\/elmercuriomanta.ec\/index.php\/wp-json\/wp\/v2\/posts\/64698\/revisions"}],"predecessor-version":[{"id":64700,"href":"https:\/\/elmercuriomanta.ec\/index.php\/wp-json\/wp\/v2\/posts\/64698\/revisions\/64700"}],"wp:featuredmedia":[{"embeddable":true,"href":"https:\/\/elmercuriomanta.ec\/index.php\/wp-json\/wp\/v2\/media\/64699"}],"wp:attachment":[{"href":"https:\/\/elmercuriomanta.ec\/index.php\/wp-json\/wp\/v2\/media?parent=64698"}],"wp:term":[{"taxonomy":"category","embeddable":true,"href":"https:\/\/elmercuriomanta.ec\/index.php\/wp-json\/wp\/v2\/categories?post=64698"},{"taxonomy":"post_tag","embeddable":true,"href":"https:\/\/elmercuriomanta.ec\/index.php\/wp-json\/wp\/v2\/tags?post=64698"}],"curies":[{"name":"wp","href":"https:\/\/api.w.org\/{rel}","templated":true}]}}