{"id":64694,"date":"2026-04-27T09:52:36","date_gmt":"2026-04-27T14:52:36","guid":{"rendered":"https:\/\/elmercuriomanta.ec\/?p=64694"},"modified":"2026-04-27T09:52:36","modified_gmt":"2026-04-27T14:52:36","slug":"por-que-manabi-es-ahora-mas-caluroso-confirman-que-el-termometro-se-disparo-desde-el-2016","status":"publish","type":"post","link":"https:\/\/elmercuriomanta.ec\/index.php\/2026\/04\/27\/por-que-manabi-es-ahora-mas-caluroso-confirman-que-el-termometro-se-disparo-desde-el-2016\/","title":{"rendered":"\u00bfPOR QU\u00c9 MANAB\u00cd ES AHORA M\u00c1S CALUROSO? CONFIRMAN QUE EL TERM\u00d3METRO SE DISPAR\u00d3 DESDE EL 2016"},"content":{"rendered":"\n<p>El calor en Manab\u00ed ya no es solo una sensaci\u00f3n. Un estudio de la Escuela Superior Polit\u00e9cnica Agropecuaria de Manab\u00ed (Espam MFL) confirma que la provincia enfrenta un escenario m\u00e1s c\u00e1lido y seco. <\/p>\n\n\n\n<figure class=\"wp-block-image size-full\"><img fetchpriority=\"high\" decoding=\"async\" width=\"1024\" height=\"472\" src=\"https:\/\/elmercuriomanta.ec\/wp-content\/uploads\/2026\/04\/image-315.png\" alt=\"\" class=\"wp-image-64701\" srcset=\"https:\/\/elmercuriomanta.ec\/wp-content\/uploads\/2026\/04\/image-315.png 1024w, https:\/\/elmercuriomanta.ec\/wp-content\/uploads\/2026\/04\/image-315-300x138.png 300w, https:\/\/elmercuriomanta.ec\/wp-content\/uploads\/2026\/04\/image-315-768x354.png 768w\" sizes=\"(max-width: 1024px) 100vw, 1024px\" \/><\/figure>\n\n\n\n<p>Los investigadores compararon dos d\u00e9cadas: 2006- 2015 y 2016-2025. Datos claros: la temperatura m\u00e1xima subi\u00f3 +0,46 \u00b0C; los eventos de calor extremo, +0,64 \u00b0C; y la temperatura media, +0,41 \u00b0C. Adem\u00e1s, la humedad relativa cay\u00f3 -0,77 % y las lluvias anuales se redujeron 109 mil\u00edmetros. <\/p>\n\n\n\n<p>Llueve menos que antes del 2016. \u201cHemos visto un incremento de la temperatura m\u00e1xima, la que sentimos en el d\u00eda\u201d, explica Cristhian Paliz, docente e investigador de la Espam. Estas variaciones generan mayor estr\u00e9s t\u00e9rmico e h\u00eddrico, afectando tanto el consumo humano como la producci\u00f3n agr\u00edcola. \u00bfPor qu\u00e9 ocurre? Paliz se\u00f1ala la circulaci\u00f3n de Walker, un fen\u00f3meno clim\u00e1tico que regula la humedad y temperatura cada 30 o 40 a\u00f1os. <\/p>\n\n\n\n<p>Su fortalecimiento reciente reduce la formaci\u00f3n de nubes. \u201cAl tener menos humedad, la radiaci\u00f3n solar incide directamente sobre la superficie\u201d, lo que eleva la temperatura diurna. A esto se suma el cambio clim\u00e1tico global, que refuerza el calentamiento. <\/p>\n\n\n\n<p><strong>MENOS LLUVIAS Y M\u00c1S PRESI\u00d3N SOBRE EL AGUA<\/strong><br>Aunque pueden darse precipitaciones intensas en cortos periodos, la tendencia anual es descendente. Esto implica temporadas secas m\u00e1s largas, suelos con menos humedad y mayor demanda h\u00eddrica para los cultivos. \u201cLos cultivos necesitan m\u00e1s agua y eso afecta la producci\u00f3n\u201d, a\u00f1ade Paliz. Tambi\u00e9n favorece plagas y presiona r\u00edos y esteros.<\/p>\n\n\n\n<p><strong>EL INTERIOR SUFRE M\u00c1S<\/strong><br>No toda la provincia se calienta igual. En Manta, la brisa marina alivia la sensaci\u00f3n t\u00e9rmica. Pero en Portoviejo, Calceta y Chone el impacto es mayor. \u201cEn el interior se siente m\u00e1s calor porque no tenemos el efecto de la brisa\u201d, dice el experto. All\u00ed, las temperaturas superan los 35 \u00b0C y la sensaci\u00f3n t\u00e9rmica puede alcanzar 38 \u00b0C o 40 \u00b0C.<\/p>\n\n\n\n<p><strong>EL 2016: REFERENCIA, NO CAUSA<\/strong><br>El estudio usa el a\u00f1o del terremoto como punto de corte entre dos periodos, pero los investigadores aclaran que no hay relaci\u00f3n directa entre el sismo y el clima. \u201cNo hay ninguna conexi\u00f3n f\u00edsica\u201d, subraya Paliz. Los cambios responden a variabilidad natural y calentamiento global, y aunque las oscilaciones naturales puede cambiar, \u201cel cambio clim\u00e1tico podr\u00eda mantener el aumento de temperaturas\u201d. Los datos son concluyentes: Manab\u00ed es hoy m\u00e1s c\u00e1lido y seco que hace una d\u00e9cada.<\/p>\n\n\n\n<figure class=\"wp-block-image size-full\"><img decoding=\"async\" width=\"700\" height=\"392\" src=\"https:\/\/elmercuriomanta.ec\/wp-content\/uploads\/2026\/04\/image-316.png\" alt=\"\" class=\"wp-image-64702\" srcset=\"https:\/\/elmercuriomanta.ec\/wp-content\/uploads\/2026\/04\/image-316.png 700w, https:\/\/elmercuriomanta.ec\/wp-content\/uploads\/2026\/04\/image-316-300x168.png 300w\" sizes=\"(max-width: 700px) 100vw, 700px\" \/><\/figure>\n\n\n\n<p><\/p>\n","protected":false},"excerpt":{"rendered":"<p>El calor en Manab\u00ed ya no es solo una sensaci\u00f3n. Un estudio de la Escuela Superior Polit\u00e9cnica Agropecuaria de Manab\u00ed (Espam MFL) confirma que la provincia enfrenta un escenario m\u00e1s c\u00e1lido y seco. <\/p>\n","protected":false},"author":14,"featured_media":64701,"comment_status":"open","ping_status":"open","sticky":false,"template":"","format":"standard","meta":{"footnotes":""},"categories":[108],"tags":[],"class_list":["post-64694","post","type-post","status-publish","format-standard","has-post-thumbnail","hentry","category-locales"],"_links":{"self":[{"href":"https:\/\/elmercuriomanta.ec\/index.php\/wp-json\/wp\/v2\/posts\/64694","targetHints":{"allow":["GET"]}}],"collection":[{"href":"https:\/\/elmercuriomanta.ec\/index.php\/wp-json\/wp\/v2\/posts"}],"about":[{"href":"https:\/\/elmercuriomanta.ec\/index.php\/wp-json\/wp\/v2\/types\/post"}],"author":[{"embeddable":true,"href":"https:\/\/elmercuriomanta.ec\/index.php\/wp-json\/wp\/v2\/users\/14"}],"replies":[{"embeddable":true,"href":"https:\/\/elmercuriomanta.ec\/index.php\/wp-json\/wp\/v2\/comments?post=64694"}],"version-history":[{"count":1,"href":"https:\/\/elmercuriomanta.ec\/index.php\/wp-json\/wp\/v2\/posts\/64694\/revisions"}],"predecessor-version":[{"id":64703,"href":"https:\/\/elmercuriomanta.ec\/index.php\/wp-json\/wp\/v2\/posts\/64694\/revisions\/64703"}],"wp:featuredmedia":[{"embeddable":true,"href":"https:\/\/elmercuriomanta.ec\/index.php\/wp-json\/wp\/v2\/media\/64701"}],"wp:attachment":[{"href":"https:\/\/elmercuriomanta.ec\/index.php\/wp-json\/wp\/v2\/media?parent=64694"}],"wp:term":[{"taxonomy":"category","embeddable":true,"href":"https:\/\/elmercuriomanta.ec\/index.php\/wp-json\/wp\/v2\/categories?post=64694"},{"taxonomy":"post_tag","embeddable":true,"href":"https:\/\/elmercuriomanta.ec\/index.php\/wp-json\/wp\/v2\/tags?post=64694"}],"curies":[{"name":"wp","href":"https:\/\/api.w.org\/{rel}","templated":true}]}}