{"id":64685,"date":"2026-04-26T11:15:31","date_gmt":"2026-04-26T16:15:31","guid":{"rendered":"https:\/\/elmercuriomanta.ec\/?p=64685"},"modified":"2026-04-26T11:15:31","modified_gmt":"2026-04-26T16:15:31","slug":"fuerzas-armadas-capturan-en-guayaquil-a-alias-bartolo-presunto-cabecilla-de-los-lobos","status":"publish","type":"post","link":"https:\/\/elmercuriomanta.ec\/index.php\/2026\/04\/26\/fuerzas-armadas-capturan-en-guayaquil-a-alias-bartolo-presunto-cabecilla-de-los-lobos\/","title":{"rendered":"FUERZAS ARMADAS CAPTURAN EN GUAYAQUIL A ALIAS \u201cBARTOLO\u201d, PRESUNTO CABECILLA DE LOS LOBOS"},"content":{"rendered":"\n<figure class=\"wp-block-image aligncenter size-large is-resized\"><img fetchpriority=\"high\" decoding=\"async\" width=\"1024\" height=\"691\" src=\"https:\/\/elmercuriomanta.ec\/wp-content\/uploads\/2026\/04\/image-310-1024x691.png\" alt=\"\" class=\"wp-image-64686\" style=\"aspect-ratio:1.4814814814814814;width:441px;height:auto\" srcset=\"https:\/\/elmercuriomanta.ec\/wp-content\/uploads\/2026\/04\/image-310-1024x691.png 1024w, https:\/\/elmercuriomanta.ec\/wp-content\/uploads\/2026\/04\/image-310-300x203.png 300w, https:\/\/elmercuriomanta.ec\/wp-content\/uploads\/2026\/04\/image-310-768x518.png 768w, https:\/\/elmercuriomanta.ec\/wp-content\/uploads\/2026\/04\/image-310.png 1200w\" sizes=\"(max-width: 1024px) 100vw, 1024px\" \/><\/figure>\n\n\n\n<p>Las Fuerzas Armadas, mediante el Ej\u00e9rcito Ecuatoriano, capturaron en Guayaquil a Jorge G., alias \u201cBartolo\u201d, se\u00f1alado por el Ministerio de Defensa como presunto cabecilla del grupo armado organizado Los Lobos. La operaci\u00f3n se realiz\u00f3 en el sector Batall\u00f3n del Suburbio, parroquia Febres Cordero, provincia del Guayas. Seg\u00fan informaci\u00f3n oficial, la detenci\u00f3n fue posible gracias a una operaci\u00f3n militar con apoyo de inteligencia, que permiti\u00f3 ubicar a este objetivo relevante dentro de una estructura criminal activa en la ciudad.<\/p>\n\n\n\n<p>Alias \u201cBartolo\u201d manten\u00eda una boleta de captura vigente por asesinato. El informe oficial indica que presuntamente integraba Los Lobos, organizaci\u00f3n que ser\u00eda liderada por alias \u201cCalaca\u201d. Tras su captura, el ciudadano fue puesto a \u00f3rdenes de las autoridades competentes. Las Fuerzas Armadas destacaron que este tipo de operativos forman parte de las acciones de control y seguridad frente al avance del crimen organizado.<\/p>\n","protected":false},"excerpt":{"rendered":"<p>Las Fuerzas Armadas, mediante el Ej\u00e9rcito Ecuatoriano, capturaron en Guayaquil a Jorge G., alias \u201cBartolo\u201d, se\u00f1alado por el Ministerio de Defensa como presunto cabecilla del grupo armado organizado Los Lobos. La operaci\u00f3n se realiz\u00f3 en el sector Batall\u00f3n del Suburbio, parroquia Febres Cordero, provincia del Guayas. Seg\u00fan informaci\u00f3n oficial, la detenci\u00f3n fue posible gracias a una operaci\u00f3n militar con apoyo de inteligencia, que permiti\u00f3 ubicar a este objetivo relevante dentro de una estructura criminal activa en la ciudad.<\/p>\n<p>Alias \u201cBartolo\u201d manten\u00eda una boleta de captura vigente por asesinato. El informe oficial indica que presuntamente integraba Los Lobos, organizaci\u00f3n que ser\u00eda liderada por alias \u201cCalaca\u201d. Tras su captura, el ciudadano fue puesto a \u00f3rdenes de las autoridades competentes. Las Fuerzas Armadas destacaron que este tipo de operativos forman parte de las acciones de control y seguridad frente al avance del crimen organizado.<\/p>\n","protected":false},"author":12,"featured_media":64686,"comment_status":"open","ping_status":"open","sticky":false,"template":"","format":"standard","meta":{"footnotes":""},"categories":[16],"tags":[],"class_list":["post-64685","post","type-post","status-publish","format-standard","has-post-thumbnail","hentry","category-cronica"],"_links":{"self":[{"href":"https:\/\/elmercuriomanta.ec\/index.php\/wp-json\/wp\/v2\/posts\/64685","targetHints":{"allow":["GET"]}}],"collection":[{"href":"https:\/\/elmercuriomanta.ec\/index.php\/wp-json\/wp\/v2\/posts"}],"about":[{"href":"https:\/\/elmercuriomanta.ec\/index.php\/wp-json\/wp\/v2\/types\/post"}],"author":[{"embeddable":true,"href":"https:\/\/elmercuriomanta.ec\/index.php\/wp-json\/wp\/v2\/users\/12"}],"replies":[{"embeddable":true,"href":"https:\/\/elmercuriomanta.ec\/index.php\/wp-json\/wp\/v2\/comments?post=64685"}],"version-history":[{"count":1,"href":"https:\/\/elmercuriomanta.ec\/index.php\/wp-json\/wp\/v2\/posts\/64685\/revisions"}],"predecessor-version":[{"id":64687,"href":"https:\/\/elmercuriomanta.ec\/index.php\/wp-json\/wp\/v2\/posts\/64685\/revisions\/64687"}],"wp:featuredmedia":[{"embeddable":true,"href":"https:\/\/elmercuriomanta.ec\/index.php\/wp-json\/wp\/v2\/media\/64686"}],"wp:attachment":[{"href":"https:\/\/elmercuriomanta.ec\/index.php\/wp-json\/wp\/v2\/media?parent=64685"}],"wp:term":[{"taxonomy":"category","embeddable":true,"href":"https:\/\/elmercuriomanta.ec\/index.php\/wp-json\/wp\/v2\/categories?post=64685"},{"taxonomy":"post_tag","embeddable":true,"href":"https:\/\/elmercuriomanta.ec\/index.php\/wp-json\/wp\/v2\/tags?post=64685"}],"curies":[{"name":"wp","href":"https:\/\/api.w.org\/{rel}","templated":true}]}}