{"id":64682,"date":"2026-04-26T11:04:49","date_gmt":"2026-04-26T16:04:49","guid":{"rendered":"https:\/\/elmercuriomanta.ec\/?p=64682"},"modified":"2026-04-26T11:04:49","modified_gmt":"2026-04-26T16:04:49","slug":"seis-presuntos-integrantes-de-los-choneros-fueron-aprehendidos-en-santo-domingo","status":"publish","type":"post","link":"https:\/\/elmercuriomanta.ec\/index.php\/2026\/04\/26\/seis-presuntos-integrantes-de-los-choneros-fueron-aprehendidos-en-santo-domingo\/","title":{"rendered":"SEIS PRESUNTOS INTEGRANTES DE LOS CHONEROS FUERON APREHENDIDOS EN SANTO DOMINGO"},"content":{"rendered":"\n<figure class=\"wp-block-image aligncenter size-large is-resized\"><img fetchpriority=\"high\" decoding=\"async\" width=\"1024\" height=\"691\" src=\"https:\/\/elmercuriomanta.ec\/wp-content\/uploads\/2026\/04\/image-309-1024x691.png\" alt=\"\" class=\"wp-image-64683\" style=\"width:443px;height:auto\" srcset=\"https:\/\/elmercuriomanta.ec\/wp-content\/uploads\/2026\/04\/image-309-1024x691.png 1024w, https:\/\/elmercuriomanta.ec\/wp-content\/uploads\/2026\/04\/image-309-300x203.png 300w, https:\/\/elmercuriomanta.ec\/wp-content\/uploads\/2026\/04\/image-309-768x518.png 768w, https:\/\/elmercuriomanta.ec\/wp-content\/uploads\/2026\/04\/image-309.png 1200w\" sizes=\"(max-width: 1024px) 100vw, 1024px\" \/><\/figure>\n\n\n\n<p>El ministro del Interior, John Reimberg, inform\u00f3 que seis presuntos integrantes del grupo delictivo Los Choneros fueron aprehendidos en Santo Domingo durante el Operativo Atlas 23, ejecutado por la Polic\u00eda Nacional. Seg\u00fan la autoridad, los detenidos estar\u00edan involucrados en el robo de un veh\u00edculo ocurrido en la v\u00eda Al\u00f3ag-Santo Domingo. Mediante labores de inteligencia, los agentes lograron ubicar a los sospechosos y ejecutar la intervenci\u00f3n.<\/p>\n\n\n\n<p>Los aprehendidos registran antecedentes por robo, receptaci\u00f3n, tenencia y porte de armas, de acuerdo con la informaci\u00f3n oficial. Tras el operativo, fueron puestos a \u00f3rdenes de las autoridades judiciales competentes. Durante la intervenci\u00f3n, la Polic\u00eda recuper\u00f3 varios indicios: un veh\u00edculo recuperado, otro retenido y seis tel\u00e9fonos celulares. El ministro Reimberg se\u00f1al\u00f3 que estas acciones forman parte del trabajo permanente de las fuerzas del orden para enfrentar las estructuras delictivas y fortalecer la seguridad ciudadana en el pa\u00eds.<\/p>\n","protected":false},"excerpt":{"rendered":"<p>El ministro del Interior, John Reimberg, inform\u00f3 que seis presuntos integrantes del grupo delictivo Los Choneros fueron aprehendidos en Santo Domingo durante el Operativo Atlas 23, ejecutado por la Polic\u00eda Nacional. Seg\u00fan la autoridad, los detenidos estar\u00edan involucrados en el robo de un veh\u00edculo ocurrido en la v\u00eda Al\u00f3ag-Santo Domingo. Mediante labores de inteligencia, los agentes lograron ubicar a los sospechosos y ejecutar la intervenci\u00f3n.<\/p>\n<p>Los aprehendidos registran antecedentes por robo, receptaci\u00f3n, tenencia y porte de armas, de acuerdo con la informaci\u00f3n oficial. Tras el operativo, fueron puestos a \u00f3rdenes de las autoridades judiciales competentes. Durante la intervenci\u00f3n, la Polic\u00eda recuper\u00f3 varios indicios: un veh\u00edculo recuperado, otro retenido y seis tel\u00e9fonos celulares. El ministro Reimberg se\u00f1al\u00f3 que estas acciones forman parte del trabajo permanente de las fuerzas del orden para enfrentar las estructuras delictivas y fortalecer la seguridad ciudadana en el pa\u00eds.<\/p>\n","protected":false},"author":12,"featured_media":64683,"comment_status":"open","ping_status":"open","sticky":false,"template":"","format":"standard","meta":{"footnotes":""},"categories":[16],"tags":[],"class_list":["post-64682","post","type-post","status-publish","format-standard","has-post-thumbnail","hentry","category-cronica"],"_links":{"self":[{"href":"https:\/\/elmercuriomanta.ec\/index.php\/wp-json\/wp\/v2\/posts\/64682","targetHints":{"allow":["GET"]}}],"collection":[{"href":"https:\/\/elmercuriomanta.ec\/index.php\/wp-json\/wp\/v2\/posts"}],"about":[{"href":"https:\/\/elmercuriomanta.ec\/index.php\/wp-json\/wp\/v2\/types\/post"}],"author":[{"embeddable":true,"href":"https:\/\/elmercuriomanta.ec\/index.php\/wp-json\/wp\/v2\/users\/12"}],"replies":[{"embeddable":true,"href":"https:\/\/elmercuriomanta.ec\/index.php\/wp-json\/wp\/v2\/comments?post=64682"}],"version-history":[{"count":1,"href":"https:\/\/elmercuriomanta.ec\/index.php\/wp-json\/wp\/v2\/posts\/64682\/revisions"}],"predecessor-version":[{"id":64684,"href":"https:\/\/elmercuriomanta.ec\/index.php\/wp-json\/wp\/v2\/posts\/64682\/revisions\/64684"}],"wp:featuredmedia":[{"embeddable":true,"href":"https:\/\/elmercuriomanta.ec\/index.php\/wp-json\/wp\/v2\/media\/64683"}],"wp:attachment":[{"href":"https:\/\/elmercuriomanta.ec\/index.php\/wp-json\/wp\/v2\/media?parent=64682"}],"wp:term":[{"taxonomy":"category","embeddable":true,"href":"https:\/\/elmercuriomanta.ec\/index.php\/wp-json\/wp\/v2\/categories?post=64682"},{"taxonomy":"post_tag","embeddable":true,"href":"https:\/\/elmercuriomanta.ec\/index.php\/wp-json\/wp\/v2\/tags?post=64682"}],"curies":[{"name":"wp","href":"https:\/\/api.w.org\/{rel}","templated":true}]}}