{"id":64653,"date":"2026-04-26T09:24:10","date_gmt":"2026-04-26T14:24:10","guid":{"rendered":"https:\/\/elmercuriomanta.ec\/?p=64653"},"modified":"2026-04-26T09:25:55","modified_gmt":"2026-04-26T14:25:55","slug":"el-aportede-los-migrantes","status":"publish","type":"post","link":"https:\/\/elmercuriomanta.ec\/index.php\/2026\/04\/26\/el-aportede-los-migrantes\/","title":{"rendered":"EL APORTEDE LOS MIGRANTES"},"content":{"rendered":"\t\t<div data-elementor-type=\"wp-post\" data-elementor-id=\"64653\" class=\"elementor elementor-64653\" data-elementor-post-type=\"post\">\n\t\t\t\t<div data-particle_enable=\"false\" data-particle-mobile-disabled=\"false\" class=\"elementor-element elementor-element-8dabc1f e-flex e-con-boxed e-con e-parent\" data-id=\"8dabc1f\" data-element_type=\"container\" data-e-type=\"container\">\n\t\t\t\t\t<div class=\"e-con-inner\">\n\t\t<div data-particle_enable=\"false\" data-particle-mobile-disabled=\"false\" class=\"elementor-element elementor-element-5d795dd e-con-full e-flex e-con e-child\" data-id=\"5d795dd\" data-element_type=\"container\" data-e-type=\"container\">\n\t\t\t\t<div class=\"elementor-element elementor-element-e66214c elementor-position-top elementor-widget elementor-widget-image-box\" data-id=\"e66214c\" data-element_type=\"widget\" data-e-type=\"widget\" data-widget_type=\"image-box.default\">\n\t\t\t\t<div class=\"elementor-widget-container\">\n\t\t\t\t\t<div class=\"elementor-image-box-wrapper\"><figure class=\"elementor-image-box-img\"><img fetchpriority=\"high\" decoding=\"async\" width=\"858\" height=\"819\" src=\"https:\/\/elmercuriomanta.ec\/wp-content\/uploads\/2023\/06\/WhatsApp-Image-2023-06-11-at-09.49.02-1.jpeg\" class=\"attachment-full size-full wp-image-858\" alt=\"ARTICULO Dr. Juan Carlos Cassinelli Cali\" srcset=\"https:\/\/elmercuriomanta.ec\/wp-content\/uploads\/2023\/06\/WhatsApp-Image-2023-06-11-at-09.49.02-1.jpeg 858w, https:\/\/elmercuriomanta.ec\/wp-content\/uploads\/2023\/06\/WhatsApp-Image-2023-06-11-at-09.49.02-1-300x286.jpeg 300w, https:\/\/elmercuriomanta.ec\/wp-content\/uploads\/2023\/06\/WhatsApp-Image-2023-06-11-at-09.49.02-1-768x733.jpeg 768w\" sizes=\"(max-width: 858px) 100vw, 858px\" \/><\/figure><div class=\"elementor-image-box-content\"><h3 class=\"elementor-image-box-title\">Dr. Juan Carlos Cassinelli Cali<\/h3><p class=\"elementor-image-box-description\">Ex Ministro de Comercio Exterior, Doctor en Jurisprudencia, Director de Global Trade Consulting. Presidente del Comit\u00e9 de Comercio de Inversiones amcham GYE <br>Twitter: @JCCassinelli juancarlos@cassinelliabogados.com<\/p><\/div><\/div>\t\t\t\t<\/div>\n\t\t\t\t<\/div>\n\t\t\t\t<\/div>\n\t\t<div data-particle_enable=\"false\" data-particle-mobile-disabled=\"false\" class=\"elementor-element elementor-element-c01ee8f e-con-full e-flex e-con e-child\" data-id=\"c01ee8f\" data-element_type=\"container\" data-e-type=\"container\">\n\t\t\t\t<div class=\"elementor-element elementor-element-b110a1f elementor-widget elementor-widget-text-editor\" data-id=\"b110a1f\" data-element_type=\"widget\" data-e-type=\"widget\" data-widget_type=\"text-editor.default\">\n\t\t\t\t<div class=\"elementor-widget-container\">\n\t\t\t\t\t\t\t\t\t<p>En el transcurso de esta semana tuve la oportunidad maravillosa, por cierto, de estar en las provincias de Chimborazo y Bol\u00edvar; de participar en las fiestas de Riobamba y asistir a ese evento que me parece espectacular \u2014y que me voy a permitir promocionar\u2014: la feria agropecuaria de Macaj\u00ed que realmente vale la pena visitar. Pudimos apreciar la riqueza que tiene nuestro sector pecuario, la cr\u00eda de ganado, incluso de ceb\u00fa, entre otros. Me alegr\u00f3 mucho encontrarme con un querido amigo, el exalcalde Lorens Olsen Pons, quien forma parte de la hacienda Victoria, una de las grandes haciendas productoras de ganado de primera calidad en Bucay. Tambi\u00e9n pude observar, en un recorrido por los sectores rurales de La Moya y Casa Real, la gran cantidad de infraestructura y construcci\u00f3n que existe en todos los alrededores. Me pregunt\u00e9 por qu\u00e9 y me puse a investigar: es, sin duda, el resultado de las remesas. Cuando hablamos de remesas, hablamos de que en el a\u00f1o 2023 llegaron al Ecuador aproximadamente 5.500 millones de d\u00f3lares; en 2024, 6.500 millones; y en 2025 bordeaban ya los 8.000 millones de d\u00f3lares. De manera contradictoria para algunos, la mayor parte de estas remesas \u2014y su crecimiento\u2014 proviene de los Estados Unidos de Norteam\u00e9rica: el 77% de estos recursos es enviado por migrantes ecuatorianosen ese pa\u00eds. Las causas son diversas, pero lo cierto es que estos migrantes generan riqueza all\u00e1 y, adem\u00e1s, entienden que deben enviar a sus familias cantidades importantes de dinero para sostener una econom\u00eda complicada, especialmente en \u00e1mbitos como la educaci\u00f3n, la salud y otros aspectos esenciales. \u00bfQui\u00e9n ha hecho un gran capital en todo esto? Las empresas que cobran comisiones por el env\u00edo de remesas. \u00bfCu\u00e1l es el mensaje de este programa el d\u00eda de hoy? Que el Estado debe buscar mecanismos, en primer lugar, para garantizar que esas remesas lleguen de manera segura a sus destinatarios y que las inversiones que se realizan \u2014sobre todo en infraestructura inmobiliaria, que crece de forma constante en todo el pa\u00eds por centenares de millones de d\u00f3lares al a\u00f1o\u2014 tengan un destino protegido, evitando estafas u otros riesgos. Por otro lado, es necesario que, a trav\u00e9s de la banca p\u00fablica o privada\u2014por ejemplo, el Banco del Pac\u00edfico\u2014, se puedan enviar remesas con un costo m\u00ednimo y con el menor impacto posible. De esta manera, esa contribuci\u00f3n que llega por miles de millones de d\u00f3lares cada a\u00f1o al pa\u00eds, y que beneficia a centenares de miles de ecuatorianos, tendr\u00e1 la mayor utilidad posible para quienes realizan ese enorme sacrificio al enviar recursos al Ecuador.<\/p>\t\t\t\t\t\t\t\t<\/div>\n\t\t\t\t<\/div>\n\t\t\t\t<\/div>\n\t\t\t\t\t<\/div>\n\t\t\t\t<\/div>\n\t\t\t\t<\/div>\n\t\t","protected":false},"excerpt":{"rendered":"<p>En el transcurso de esta semana tuve la oportunidad maravillosa, por cierto, de estar en las provincias de Chimborazo y Bol\u00edvar; de participar en las fiestas de Riobamba y asistir a ese evento que me parece espectacular \u2014y que me voy a permitir promocionar\u2014: la feria agropecuaria de Macaj\u00ed que realmente vale la pena visitar. Pudimos apreciar la riqueza que tiene nuestro sector pecuario, la cr\u00eda de ganado, incluso de ceb\u00fa, entre otros <\/p>\n","protected":false},"author":1,"featured_media":858,"comment_status":"open","ping_status":"open","sticky":false,"template":"","format":"standard","meta":{"footnotes":""},"categories":[77],"tags":[],"class_list":["post-64653","post","type-post","status-publish","format-standard","has-post-thumbnail","hentry","category-opinion"],"_links":{"self":[{"href":"https:\/\/elmercuriomanta.ec\/index.php\/wp-json\/wp\/v2\/posts\/64653","targetHints":{"allow":["GET"]}}],"collection":[{"href":"https:\/\/elmercuriomanta.ec\/index.php\/wp-json\/wp\/v2\/posts"}],"about":[{"href":"https:\/\/elmercuriomanta.ec\/index.php\/wp-json\/wp\/v2\/types\/post"}],"author":[{"embeddable":true,"href":"https:\/\/elmercuriomanta.ec\/index.php\/wp-json\/wp\/v2\/users\/1"}],"replies":[{"embeddable":true,"href":"https:\/\/elmercuriomanta.ec\/index.php\/wp-json\/wp\/v2\/comments?post=64653"}],"version-history":[{"count":4,"href":"https:\/\/elmercuriomanta.ec\/index.php\/wp-json\/wp\/v2\/posts\/64653\/revisions"}],"predecessor-version":[{"id":64657,"href":"https:\/\/elmercuriomanta.ec\/index.php\/wp-json\/wp\/v2\/posts\/64653\/revisions\/64657"}],"wp:featuredmedia":[{"embeddable":true,"href":"https:\/\/elmercuriomanta.ec\/index.php\/wp-json\/wp\/v2\/media\/858"}],"wp:attachment":[{"href":"https:\/\/elmercuriomanta.ec\/index.php\/wp-json\/wp\/v2\/media?parent=64653"}],"wp:term":[{"taxonomy":"category","embeddable":true,"href":"https:\/\/elmercuriomanta.ec\/index.php\/wp-json\/wp\/v2\/categories?post=64653"},{"taxonomy":"post_tag","embeddable":true,"href":"https:\/\/elmercuriomanta.ec\/index.php\/wp-json\/wp\/v2\/tags?post=64653"}],"curies":[{"name":"wp","href":"https:\/\/api.w.org\/{rel}","templated":true}]}}