{"id":644,"date":"2023-06-02T17:01:50","date_gmt":"2023-06-02T17:01:50","guid":{"rendered":"https:\/\/elmercuriomanta.ec\/?p=644"},"modified":"2023-06-02T17:01:50","modified_gmt":"2023-06-02T17:01:50","slug":"trabajan-para-bloquear-acceso-en-el-darien","status":"publish","type":"post","link":"https:\/\/elmercuriomanta.ec\/index.php\/2023\/06\/02\/trabajan-para-bloquear-acceso-en-el-darien\/","title":{"rendered":"TRABAJAN PARA BLOQUEAR ACCESO EN EL DARI\u00c9N"},"content":{"rendered":"\n<figure class=\"wp-block-image aligncenter size-full\"><img fetchpriority=\"high\" decoding=\"async\" width=\"937\" height=\"378\" src=\"https:\/\/elmercuriomanta.ec\/wp-content\/uploads\/2023\/06\/image-14.png\" alt=\"\" class=\"wp-image-645\" srcset=\"https:\/\/elmercuriomanta.ec\/wp-content\/uploads\/2023\/06\/image-14.png 937w, https:\/\/elmercuriomanta.ec\/wp-content\/uploads\/2023\/06\/image-14-300x121.png 300w, https:\/\/elmercuriomanta.ec\/wp-content\/uploads\/2023\/06\/image-14-768x310.png 768w\" sizes=\"(max-width: 937px) 100vw, 937px\" \/><figcaption class=\"wp-element-caption\">Panam\u00e1, Colombia y EE.UU trabajan para bloquear acceso en el Dari\u00e9n<\/figcaption><\/figure>\n\n\n\n<p>Desde el 2022 hasta lo que va del 2023 al menos unas 300 mil personas migrantes han cruzado el salvaje tap\u00f3n del Dari\u00e9n, soportando los m\u00e1s crueles abusos de\u00a0mafias y contrabandistas de personas que en las \u00faltimas semanas subieron los montos de sus extorsiones y los niveles de violencia contra ecuatorianos, venezolanos, cubanos, haitianos y africanos que por esta ruta van camino a Estados Unidos.<\/p>\n\n\n\n<p>Hoy el Subsecretario Adjunto de Comunicaciones del Departamento de Seguridad Nacional de los Estados Unidos, Luis Miranda, revel\u00f3 que hay un plan para bloquear esa ruta selv\u00e1tica que es la m\u00e1s utilizada por migrantes de todo el mundo.<\/p>\n\n\n\n<p>Sin entregar detalles ni tiempo de las acciones que se ejecutar\u00e1n en esta zona Estados Unidos pide a los ecuatorianos no arriesgarse a la ilegalidad toda vez que rige desde el pasado 12 de mayo las nuevas medidas de migraci\u00f3n.<\/p>\n\n\n\n<p>El subsecretario Miranda ofreci\u00f3 entregar las cifras del n\u00famero de ecuatorianos que han sido deportados en las \u00faltimas semanas y pide optar por las v\u00edas legales aprovechando la expansi\u00f3n de tr\u00e1mite para refugiados que puedan probar su situaci\u00f3n de riesgo o la expansi\u00f3n de visas laborales hacia Estados Unidos, Canad\u00e1 y Espa\u00f1a.<\/p>\n\n\n\n<p>La situaci\u00f3n de riesgo aumenta\u00a0para\u00a0los migrantes que buscan cruzar la frontera por M\u00e9xico hacia Estados Unidos por el aumento de la temperatura.<\/p>\n\n\n\n<p>En la des\u00e9rtica zona lim\u00edtrofe varios cad\u00e1veres han sido recogidos por la patrulla de frontera e ingresados al programa de migrantes perdidos donde se toma huellas dactilares para tratar de identificar quienes eran y de qu\u00e9 nacionalidad para proceder a informar a las familias en los pa\u00edses de origen y deportar los restos.<\/p>\n","protected":false},"excerpt":{"rendered":"<p>Desde el 2022 hasta lo que va del 2023 al menos unas 300 mil personas migrantes han cruzado el salvaje tap\u00f3n del Dari\u00e9n, soportando los m\u00e1s crueles abusos de\u00a0mafias y contrabandistas de personas que en las \u00faltimas semanas subieron los montos de sus extorsiones y los niveles de violencia contra ecuatorianos, venezolanos, cubanos, haitianos y [&hellip;]<\/p>\n","protected":false},"author":12,"featured_media":645,"comment_status":"open","ping_status":"open","sticky":false,"template":"","format":"standard","meta":{"footnotes":""},"categories":[8],"tags":[71,42,55],"class_list":["post-644","post","type-post","status-publish","format-standard","has-post-thumbnail","hentry","category-internacional","tag-darien","tag-internacional","tag-migracion"],"_links":{"self":[{"href":"https:\/\/elmercuriomanta.ec\/index.php\/wp-json\/wp\/v2\/posts\/644","targetHints":{"allow":["GET"]}}],"collection":[{"href":"https:\/\/elmercuriomanta.ec\/index.php\/wp-json\/wp\/v2\/posts"}],"about":[{"href":"https:\/\/elmercuriomanta.ec\/index.php\/wp-json\/wp\/v2\/types\/post"}],"author":[{"embeddable":true,"href":"https:\/\/elmercuriomanta.ec\/index.php\/wp-json\/wp\/v2\/users\/12"}],"replies":[{"embeddable":true,"href":"https:\/\/elmercuriomanta.ec\/index.php\/wp-json\/wp\/v2\/comments?post=644"}],"version-history":[{"count":0,"href":"https:\/\/elmercuriomanta.ec\/index.php\/wp-json\/wp\/v2\/posts\/644\/revisions"}],"wp:featuredmedia":[{"embeddable":true,"href":"https:\/\/elmercuriomanta.ec\/index.php\/wp-json\/wp\/v2\/media\/645"}],"wp:attachment":[{"href":"https:\/\/elmercuriomanta.ec\/index.php\/wp-json\/wp\/v2\/media?parent=644"}],"wp:term":[{"taxonomy":"category","embeddable":true,"href":"https:\/\/elmercuriomanta.ec\/index.php\/wp-json\/wp\/v2\/categories?post=644"},{"taxonomy":"post_tag","embeddable":true,"href":"https:\/\/elmercuriomanta.ec\/index.php\/wp-json\/wp\/v2\/tags?post=644"}],"curies":[{"name":"wp","href":"https:\/\/api.w.org\/{rel}","templated":true}]}}