{"id":6347,"date":"2023-09-27T10:35:55","date_gmt":"2023-09-27T15:35:55","guid":{"rendered":"https:\/\/elmercuriomanta.ec\/?p=6347"},"modified":"2023-09-27T10:35:57","modified_gmt":"2023-09-27T15:35:57","slug":"exaltacion-y-juramento-a-la-bandera-en-la-ue-teresa-de-calcuta","status":"publish","type":"post","link":"https:\/\/elmercuriomanta.ec\/index.php\/2023\/09\/27\/exaltacion-y-juramento-a-la-bandera-en-la-ue-teresa-de-calcuta\/","title":{"rendered":"Exaltaci\u00f3n y Juramento a la Bandera en la UE Teresa de Calcuta"},"content":{"rendered":"\n<figure class=\"wp-block-image aligncenter size-full is-resized\"><img fetchpriority=\"high\" decoding=\"async\" src=\"https:\/\/elmercuriomanta.ec\/wp-content\/uploads\/2023\/09\/image-277.png\" alt=\"\" class=\"wp-image-6348\" style=\"width:584px;height:212px\" width=\"584\" height=\"212\" srcset=\"https:\/\/elmercuriomanta.ec\/wp-content\/uploads\/2023\/09\/image-277.png 907w, https:\/\/elmercuriomanta.ec\/wp-content\/uploads\/2023\/09\/image-277-300x109.png 300w, https:\/\/elmercuriomanta.ec\/wp-content\/uploads\/2023\/09\/image-277-768x279.png 768w\" sizes=\"(max-width: 584px) 100vw, 584px\" \/><\/figure>\n\n\n\n<p>Jurar fidelidad a la Bandera Nacional es el deber de todo ecuatoriano, en un acto lleno de civismo y emoci\u00f3n patriota. La Unidad Educativa Teresa de Calcuta llev\u00f3 a cabo el juramento a la bandera para lo cual participaron los estudiantes del Tercer A\u00f1o Bachillerato. El reloj marcaba las 08h00 del martes 26 de septiembre, cuando autoridades, maestros del plantel, padres de familia y estudiantes se dispon\u00edan a dar inicio con el programa preparado para ese d\u00eda.<\/p>\n\n\n\n<p>La Mag. Nelly Holgu\u00edn, rectora del plantel educativo, felicit\u00f3 a padres de familia y estudiantes por participar en este acto c\u00edvico, ya que la bandera se convierte en un \u00edcono de grandes l\u00edderes, el mismo que se debe fomentar respeto desde todos los espacios. El estudiante, Alex Iza, abanderado del Pabell\u00f3n Nacional, no pudo contener su emoci\u00f3n al manifestar que esto es fruto de un gran trabajo, esfuerzo y dedicaci\u00f3n, adem\u00e1s, asegur\u00f3 que esta es una fecha c\u00edvica que marca su vida estudiantil.<\/p>\n\n\n\n<p>Acto seguido, se realiza el juramento colectivo e individual de los estudiantes de tercer a\u00f1o de bachillerato, empezando con los abanderados y escoltas quienes prometen defender la Bandera, la Constituci\u00f3n, las Leyes de la Rep\u00fablica y su Integridad con alegr\u00eda y comprometidos a forjar por ella un presente y un futuro mejor; se da por finalizado este acto solemne.<\/p>\n\n\n\n<p>Cuadro de honor Abanderado del Pabell\u00f3n Nacional. Alex Iza Primera Escolta. Juleixi Estrella Segundo Escolta. Naomi Rosado Abanderada de la bandera de Manta Abanderada. Luciana Espinoza Primer Escolta. Joel Merch\u00e1n Segundo Escolta. Jefferson Marcillo Porta estandarte. Nayeli Molina Primera Escolta. Nathaly Jaramillo Segundo Escolta. Lady Holgu\u00edn<\/p>\n","protected":false},"excerpt":{"rendered":"<p>Jurar fidelidad a la Bandera Nacional es el deber de todo ecuatoriano, en un acto lleno de civismo y emoci\u00f3n patriota. La Unidad Educativa Teresa de Calcuta llev\u00f3 a cabo el juramento a la bandera para lo cual participaron los estudiantes del Tercer A\u00f1o Bachillerato. El reloj marcaba las 08h00 del martes 26 de septiembre, cuando autoridades, maestros del plantel, padres de familia y estudiantes se dispon\u00edan a dar inicio con el programa preparado para ese d\u00eda.<\/p>\n","protected":false},"author":1,"featured_media":6348,"comment_status":"open","ping_status":"open","sticky":false,"template":"","format":"standard","meta":{"footnotes":""},"categories":[83],"tags":[],"class_list":["post-6347","post","type-post","status-publish","format-standard","has-post-thumbnail","hentry","category-sucesos"],"_links":{"self":[{"href":"https:\/\/elmercuriomanta.ec\/index.php\/wp-json\/wp\/v2\/posts\/6347","targetHints":{"allow":["GET"]}}],"collection":[{"href":"https:\/\/elmercuriomanta.ec\/index.php\/wp-json\/wp\/v2\/posts"}],"about":[{"href":"https:\/\/elmercuriomanta.ec\/index.php\/wp-json\/wp\/v2\/types\/post"}],"author":[{"embeddable":true,"href":"https:\/\/elmercuriomanta.ec\/index.php\/wp-json\/wp\/v2\/users\/1"}],"replies":[{"embeddable":true,"href":"https:\/\/elmercuriomanta.ec\/index.php\/wp-json\/wp\/v2\/comments?post=6347"}],"version-history":[{"count":1,"href":"https:\/\/elmercuriomanta.ec\/index.php\/wp-json\/wp\/v2\/posts\/6347\/revisions"}],"predecessor-version":[{"id":6349,"href":"https:\/\/elmercuriomanta.ec\/index.php\/wp-json\/wp\/v2\/posts\/6347\/revisions\/6349"}],"wp:featuredmedia":[{"embeddable":true,"href":"https:\/\/elmercuriomanta.ec\/index.php\/wp-json\/wp\/v2\/media\/6348"}],"wp:attachment":[{"href":"https:\/\/elmercuriomanta.ec\/index.php\/wp-json\/wp\/v2\/media?parent=6347"}],"wp:term":[{"taxonomy":"category","embeddable":true,"href":"https:\/\/elmercuriomanta.ec\/index.php\/wp-json\/wp\/v2\/categories?post=6347"},{"taxonomy":"post_tag","embeddable":true,"href":"https:\/\/elmercuriomanta.ec\/index.php\/wp-json\/wp\/v2\/tags?post=6347"}],"curies":[{"name":"wp","href":"https:\/\/api.w.org\/{rel}","templated":true}]}}