{"id":63266,"date":"2026-04-04T13:22:11","date_gmt":"2026-04-04T18:22:11","guid":{"rendered":"https:\/\/elmercuriomanta.ec\/?p=63266"},"modified":"2026-04-04T13:22:11","modified_gmt":"2026-04-04T18:22:11","slug":"cal-archiva-queja-contra-diana-jacome-y-el-correismo-protesta","status":"publish","type":"post","link":"https:\/\/elmercuriomanta.ec\/index.php\/2026\/04\/04\/cal-archiva-queja-contra-diana-jacome-y-el-correismo-protesta\/","title":{"rendered":"CAL ARCHIVA QUEJA CONTRA DIANA J\u00c1COME Y EL CORRE\u00cdSMO PROTESTA"},"content":{"rendered":"\n<figure class=\"wp-block-image aligncenter size-large is-resized\"><img fetchpriority=\"high\" decoding=\"async\" width=\"1024\" height=\"573\" src=\"https:\/\/elmercuriomanta.ec\/wp-content\/uploads\/2026\/04\/image-18-1024x573.png\" alt=\"\" class=\"wp-image-63267\" style=\"width:512px;height:auto\" srcset=\"https:\/\/elmercuriomanta.ec\/wp-content\/uploads\/2026\/04\/image-18-1024x573.png 1024w, https:\/\/elmercuriomanta.ec\/wp-content\/uploads\/2026\/04\/image-18-300x168.png 300w, https:\/\/elmercuriomanta.ec\/wp-content\/uploads\/2026\/04\/image-18-768x430.png 768w, https:\/\/elmercuriomanta.ec\/wp-content\/uploads\/2026\/04\/image-18.png 1286w\" sizes=\"(max-width: 1024px) 100vw, 1024px\" \/><\/figure>\n\n\n\n<p>El Consejo de Administraci\u00f3n Legislativa (CAL) archiv\u00f3 la queja contra la asamble\u00edsta oficialista Diana J\u00e1come al considerar que sus declaraciones se enmarcan en el debate pol\u00edtico y no constituyen falta sancionable. El organismo determin\u00f3 que las expresiones de la legisladora forman parte del ejercicio de sus funciones y del contexto pol\u00edtico, por lo que no proced\u00eda continuar el proceso.<\/p>\n\n\n\n<p>En el documento aprobado, el CAL subray\u00f3 que las declaraciones de J\u00e1come ocurrieron en un escenario de discusi\u00f3n pol\u00edtica, protegido por la deliberaci\u00f3n democr\u00e1tica. La bancada corre\u00edsta cuestion\u00f3 de inmediato la decisi\u00f3n. El asamble\u00edsta Juan Andr\u00e9s Gonz\u00e1lez critic\u00f3 la resoluci\u00f3n en su cuenta de X, denunciando un trato desigual: \u201cEl que tiene padrino se bautiza\u201d, escribi\u00f3. Gonz\u00e1lez se\u00f1al\u00f3 que el presidente del Legislativo, Niels Olsen, y el CAL protegen a J\u00e1come. El caso agrava las tensiones en la Asamblea Nacional, marcada por constantes confrontaciones entre bancadas.<\/p>\n","protected":false},"excerpt":{"rendered":"<p>El Consejo de Administraci\u00f3n Legislativa (CAL) archiv\u00f3 la queja contra la asamble\u00edsta oficialista Diana J\u00e1come al considerar que sus declaraciones se enmarcan en el debate pol\u00edtico y no constituyen falta sancionable. El organismo determin\u00f3 que las expresiones de la legisladora forman parte del ejercicio de sus funciones y del contexto pol\u00edtico, por lo que no proced\u00eda continuar el proceso.<\/p>\n<p>En el documento aprobado, el CAL subray\u00f3 que las declaraciones de J\u00e1come ocurrieron en un escenario de discusi\u00f3n pol\u00edtica, protegido por la deliberaci\u00f3n democr\u00e1tica. La bancada corre\u00edsta cuestion\u00f3 de inmediato la decisi\u00f3n. El asamble\u00edsta Juan Andr\u00e9s Gonz\u00e1lez critic\u00f3 la resoluci\u00f3n en su cuenta de X, denunciando un trato desigual: \u201cEl que tiene padrino se bautiza\u201d, escribi\u00f3. Gonz\u00e1lez se\u00f1al\u00f3 que el presidente del Legislativo, Niels Olsen, y el CAL protegen a J\u00e1come. El caso agrava las tensiones en la Asamblea Nacional, marcada por constantes confrontaciones entre bancadas.<\/p>\n","protected":false},"author":12,"featured_media":63267,"comment_status":"open","ping_status":"open","sticky":false,"template":"","format":"standard","meta":{"footnotes":""},"categories":[54],"tags":[],"class_list":["post-63266","post","type-post","status-publish","format-standard","has-post-thumbnail","hentry","category-politica"],"_links":{"self":[{"href":"https:\/\/elmercuriomanta.ec\/index.php\/wp-json\/wp\/v2\/posts\/63266","targetHints":{"allow":["GET"]}}],"collection":[{"href":"https:\/\/elmercuriomanta.ec\/index.php\/wp-json\/wp\/v2\/posts"}],"about":[{"href":"https:\/\/elmercuriomanta.ec\/index.php\/wp-json\/wp\/v2\/types\/post"}],"author":[{"embeddable":true,"href":"https:\/\/elmercuriomanta.ec\/index.php\/wp-json\/wp\/v2\/users\/12"}],"replies":[{"embeddable":true,"href":"https:\/\/elmercuriomanta.ec\/index.php\/wp-json\/wp\/v2\/comments?post=63266"}],"version-history":[{"count":1,"href":"https:\/\/elmercuriomanta.ec\/index.php\/wp-json\/wp\/v2\/posts\/63266\/revisions"}],"predecessor-version":[{"id":63268,"href":"https:\/\/elmercuriomanta.ec\/index.php\/wp-json\/wp\/v2\/posts\/63266\/revisions\/63268"}],"wp:featuredmedia":[{"embeddable":true,"href":"https:\/\/elmercuriomanta.ec\/index.php\/wp-json\/wp\/v2\/media\/63267"}],"wp:attachment":[{"href":"https:\/\/elmercuriomanta.ec\/index.php\/wp-json\/wp\/v2\/media?parent=63266"}],"wp:term":[{"taxonomy":"category","embeddable":true,"href":"https:\/\/elmercuriomanta.ec\/index.php\/wp-json\/wp\/v2\/categories?post=63266"},{"taxonomy":"post_tag","embeddable":true,"href":"https:\/\/elmercuriomanta.ec\/index.php\/wp-json\/wp\/v2\/tags?post=63266"}],"curies":[{"name":"wp","href":"https:\/\/api.w.org\/{rel}","templated":true}]}}