{"id":6285,"date":"2023-09-26T12:36:39","date_gmt":"2023-09-26T17:36:39","guid":{"rendered":"https:\/\/elmercuriomanta.ec\/?p=6285"},"modified":"2023-09-26T12:36:40","modified_gmt":"2023-09-26T17:36:40","slug":"caf-anuncia-apoyo-para-la-restauracion-de-arrecifes-de-corales-en-ecuador","status":"publish","type":"post","link":"https:\/\/elmercuriomanta.ec\/index.php\/2023\/09\/26\/caf-anuncia-apoyo-para-la-restauracion-de-arrecifes-de-corales-en-ecuador\/","title":{"rendered":"CAF anuncia apoyo para la restauraci\u00f3n de arrecifes de corales en Ecuador"},"content":{"rendered":"\n<figure class=\"wp-block-image aligncenter size-full is-resized\"><img fetchpriority=\"high\" decoding=\"async\" src=\"https:\/\/elmercuriomanta.ec\/wp-content\/uploads\/2023\/09\/image-260.png\" alt=\"\" class=\"wp-image-6286\" style=\"width:361px;height:217px\" width=\"361\" height=\"217\" srcset=\"https:\/\/elmercuriomanta.ec\/wp-content\/uploads\/2023\/09\/image-260.png 440w, https:\/\/elmercuriomanta.ec\/wp-content\/uploads\/2023\/09\/image-260-300x181.png 300w\" sizes=\"(max-width: 361px) 100vw, 361px\" \/><\/figure>\n\n\n\n<p>Adem\u00e1s, las partes propondr\u00e1n un plan de acci\u00f3n para la restauraci\u00f3n de arrecifes de coral en Costa Rica y M\u00e9xico para que se promueva una mayor cooperaci\u00f3n regional y movilizaci\u00f3n de recursos. Cooperaci\u00f3n t\u00e9cnica para restauraci\u00f3n de ecosistemas marinos En Colombia, se estableci\u00f3 el marco de colaboraci\u00f3n entre el Banco de Desarrollo de Am\u00e9rica Latina y el Caribe-CAF y la Fundaci\u00f3n CIM del Caribe con el objetivo de realizar proyectos y acciones conjuntas que propendan por la restauraci\u00f3n de los ecosistemas marinos estrat\u00e9gicos.<\/p>\n\n\n\n<p>Adem\u00e1s, el banco anunci\u00f3 cooperaci\u00f3n t\u00e9cnica a la organizaci\u00f3n Conservaci\u00f3n Internacional para fortalecer las iniciativas de restauraci\u00f3n de arrecifes de coral en Colombia, Costa Rica, M\u00e9xico y Ecuador, como una estrategia de adaptaci\u00f3n a los impactos al cambio clim\u00e1tico a partir de soluciones basadas en la naturaleza. \u201cEste acuerdo y cooperaci\u00f3n t\u00e9cnica se enmarca en nuestra visi\u00f3n de convertirnos en el banco verde y azul de la regi\u00f3n.<\/p>\n\n\n\n<p>Le apostamos a las iniciativas que mitigan los efectos del cambio clim\u00e1tico e impulsan el desarrollo sostenible y, de esta manera, generamos sinergias para invertir y aportar a la salud oce\u00e1nica y socioecon\u00f3mica de la regi\u00f3n\u00bb, coment\u00f3 el presidente ejecutivo del Banco de Desarrollo de Am\u00e9rica Latina y el Caribe-CAF, Sergio D\u00ccaz Granados.<\/p>\n","protected":false},"excerpt":{"rendered":"<p>Adem\u00e1s, las partes propondr\u00e1n un plan de acci\u00f3n para la restauraci\u00f3n de arrecifes de coral en Costa Rica y M\u00e9xico para que se promueva una mayor cooperaci\u00f3n regional y movilizaci\u00f3n de recursos. Cooperaci\u00f3n t\u00e9cnica para restauraci\u00f3n de ecosistemas marinos En Colombia, se estableci\u00f3 el marco de colaboraci\u00f3n entre el Banco de Desarrollo de Am\u00e9rica Latina y el Caribe-CAF y la Fundaci\u00f3n CIM del Caribe con el objetivo de realizar proyectos y acciones conjuntas que propendan por la restauraci\u00f3n de los ecosistemas marinos estrat\u00e9gicos<\/p>\n","protected":false},"author":1,"featured_media":6286,"comment_status":"open","ping_status":"open","sticky":false,"template":"","format":"standard","meta":{"footnotes":""},"categories":[8],"tags":[],"class_list":["post-6285","post","type-post","status-publish","format-standard","has-post-thumbnail","hentry","category-internacional"],"_links":{"self":[{"href":"https:\/\/elmercuriomanta.ec\/index.php\/wp-json\/wp\/v2\/posts\/6285","targetHints":{"allow":["GET"]}}],"collection":[{"href":"https:\/\/elmercuriomanta.ec\/index.php\/wp-json\/wp\/v2\/posts"}],"about":[{"href":"https:\/\/elmercuriomanta.ec\/index.php\/wp-json\/wp\/v2\/types\/post"}],"author":[{"embeddable":true,"href":"https:\/\/elmercuriomanta.ec\/index.php\/wp-json\/wp\/v2\/users\/1"}],"replies":[{"embeddable":true,"href":"https:\/\/elmercuriomanta.ec\/index.php\/wp-json\/wp\/v2\/comments?post=6285"}],"version-history":[{"count":1,"href":"https:\/\/elmercuriomanta.ec\/index.php\/wp-json\/wp\/v2\/posts\/6285\/revisions"}],"predecessor-version":[{"id":6287,"href":"https:\/\/elmercuriomanta.ec\/index.php\/wp-json\/wp\/v2\/posts\/6285\/revisions\/6287"}],"wp:featuredmedia":[{"embeddable":true,"href":"https:\/\/elmercuriomanta.ec\/index.php\/wp-json\/wp\/v2\/media\/6286"}],"wp:attachment":[{"href":"https:\/\/elmercuriomanta.ec\/index.php\/wp-json\/wp\/v2\/media?parent=6285"}],"wp:term":[{"taxonomy":"category","embeddable":true,"href":"https:\/\/elmercuriomanta.ec\/index.php\/wp-json\/wp\/v2\/categories?post=6285"},{"taxonomy":"post_tag","embeddable":true,"href":"https:\/\/elmercuriomanta.ec\/index.php\/wp-json\/wp\/v2\/tags?post=6285"}],"curies":[{"name":"wp","href":"https:\/\/api.w.org\/{rel}","templated":true}]}}