{"id":6215,"date":"2023-09-25T15:08:19","date_gmt":"2023-09-25T20:08:19","guid":{"rendered":"https:\/\/elmercuriomanta.ec\/?p=6215"},"modified":"2023-09-25T15:08:21","modified_gmt":"2023-09-25T20:08:21","slug":"los-mataron-en-leonidas-proano","status":"publish","type":"post","link":"https:\/\/elmercuriomanta.ec\/index.php\/2023\/09\/25\/los-mataron-en-leonidas-proano\/","title":{"rendered":"Los mataron en Le\u00f3nidas Proa\u00f1o"},"content":{"rendered":"\n<figure class=\"wp-block-image aligncenter size-full is-resized\"><img fetchpriority=\"high\" decoding=\"async\" src=\"https:\/\/elmercuriomanta.ec\/wp-content\/uploads\/2023\/09\/image-242.png\" alt=\"\" class=\"wp-image-6216\" style=\"width:306px;height:286px\" width=\"306\" height=\"286\" srcset=\"https:\/\/elmercuriomanta.ec\/wp-content\/uploads\/2023\/09\/image-242.png 438w, https:\/\/elmercuriomanta.ec\/wp-content\/uploads\/2023\/09\/image-242-300x280.png 300w\" sizes=\"(max-width: 306px) 100vw, 306px\" \/><\/figure>\n\n\n\n<p>Javier Fernando Garc\u00eda Zambrano y Erwin Vicente Cantos Alc\u00edvar, acaban de ser asesinados a balas, hace pocos minutos en Montecristi. Sicarios armados acabaron con la vida de los dos amigos, en la calle V\u00edctor Veliz, de la parroquia Le\u00f3nidas Proa\u00f1o, del cant\u00f3n Montecristi. Los cuerpos quedaron tendiendo en la acera, cerca de una farmacia.<\/p>\n\n\n\n<p>Hasta el lugar llegaron los socorristas del Cuerpo de Bomberos y confirmaron que hab\u00edan dejado de respirar. Los vecinos escucharon m\u00e1s de 20 disparos.<\/p>\n\n\n\n<div class=\"wp-block-essential-blocks-social\"><div class=\"eb-parent-wrapper eb-parent-eb-social-links-io68cvp \"><div class=\"eb-social-links-io68cvp eb-social-links-wrapper\"><ul class=\"eb-socials\"><li><a class=\"facebook-f-original  \" href=\"\/\/www.facebook.com\/YoSoyElMercurio\/?locale=es_LA\" target=\"_blank\" rel=\"noopener\"><i class=\"hvr-icon eb-social-icon fab fa-facebook-f\"><\/i><\/a><\/li><li><a class=\"twitter-original  \" href=\"\/\/twitter.com\/elmercuriomanta\" target=\"_blank\" rel=\"noopener\"><i class=\"hvr-icon eb-social-icon fab fa-twitter\"><\/i><\/a><\/li><li><a class=\"instagram-original  \" href=\"\/\/www.instagram.com\/elmercuriomanta\/?hl=es\" target=\"_blank\" rel=\"noopener\"><i class=\"hvr-icon eb-social-icon fab fa-instagram\"><\/i><\/a><\/li><\/ul><\/div><\/div><\/div>\n","protected":false},"excerpt":{"rendered":"<p>Javier Fernando Garc\u00eda Zambrano y Erwin Vicente Cantos Alc\u00edvar, acaban de ser asesinados a balas, hace pocos minutos en Montecristi. Sicarios armados acabaron con la vida de los dos amigos, en la calle V\u00edctor Veliz, de la parroquia Le\u00f3nidas Proa\u00f1o, del cant\u00f3n Montecristi. Los cuerpos quedaron tendiendo en la acera, cerca de una farmacia.<\/p>\n","protected":false},"author":1,"featured_media":6216,"comment_status":"open","ping_status":"open","sticky":false,"template":"","format":"standard","meta":{"footnotes":""},"categories":[16],"tags":[],"class_list":["post-6215","post","type-post","status-publish","format-standard","has-post-thumbnail","hentry","category-cronica"],"_links":{"self":[{"href":"https:\/\/elmercuriomanta.ec\/index.php\/wp-json\/wp\/v2\/posts\/6215","targetHints":{"allow":["GET"]}}],"collection":[{"href":"https:\/\/elmercuriomanta.ec\/index.php\/wp-json\/wp\/v2\/posts"}],"about":[{"href":"https:\/\/elmercuriomanta.ec\/index.php\/wp-json\/wp\/v2\/types\/post"}],"author":[{"embeddable":true,"href":"https:\/\/elmercuriomanta.ec\/index.php\/wp-json\/wp\/v2\/users\/1"}],"replies":[{"embeddable":true,"href":"https:\/\/elmercuriomanta.ec\/index.php\/wp-json\/wp\/v2\/comments?post=6215"}],"version-history":[{"count":1,"href":"https:\/\/elmercuriomanta.ec\/index.php\/wp-json\/wp\/v2\/posts\/6215\/revisions"}],"predecessor-version":[{"id":6217,"href":"https:\/\/elmercuriomanta.ec\/index.php\/wp-json\/wp\/v2\/posts\/6215\/revisions\/6217"}],"wp:featuredmedia":[{"embeddable":true,"href":"https:\/\/elmercuriomanta.ec\/index.php\/wp-json\/wp\/v2\/media\/6216"}],"wp:attachment":[{"href":"https:\/\/elmercuriomanta.ec\/index.php\/wp-json\/wp\/v2\/media?parent=6215"}],"wp:term":[{"taxonomy":"category","embeddable":true,"href":"https:\/\/elmercuriomanta.ec\/index.php\/wp-json\/wp\/v2\/categories?post=6215"},{"taxonomy":"post_tag","embeddable":true,"href":"https:\/\/elmercuriomanta.ec\/index.php\/wp-json\/wp\/v2\/tags?post=6215"}],"curies":[{"name":"wp","href":"https:\/\/api.w.org\/{rel}","templated":true}]}}