{"id":62101,"date":"2026-03-14T10:32:34","date_gmt":"2026-03-14T15:32:34","guid":{"rendered":"https:\/\/elmercuriomanta.ec\/?p=62101"},"modified":"2026-03-14T10:32:34","modified_gmt":"2026-03-14T15:32:34","slug":"bancada-de-adn-cumple-con-lo-dispuesto-en-el-caso-de-josue-ismael-steven-y-nehemias","status":"publish","type":"post","link":"https:\/\/elmercuriomanta.ec\/index.php\/2026\/03\/14\/bancada-de-adn-cumple-con-lo-dispuesto-en-el-caso-de-josue-ismael-steven-y-nehemias\/","title":{"rendered":"BANCADA DE ADN CUMPLE CON LO DISPUESTO EN EL CASO DE JOSU\u00c9, ISMAEL, STEVEN Y NEHEM\u00cdAS"},"content":{"rendered":"\n<figure class=\"wp-block-image aligncenter size-large is-resized\"><img fetchpriority=\"high\" decoding=\"async\" width=\"1024\" height=\"691\" src=\"https:\/\/elmercuriomanta.ec\/wp-content\/uploads\/2026\/03\/image-151-1024x691.png\" alt=\"\" class=\"wp-image-62102\" style=\"width:389px;height:auto\" srcset=\"https:\/\/elmercuriomanta.ec\/wp-content\/uploads\/2026\/03\/image-151-1024x691.png 1024w, https:\/\/elmercuriomanta.ec\/wp-content\/uploads\/2026\/03\/image-151-300x203.png 300w, https:\/\/elmercuriomanta.ec\/wp-content\/uploads\/2026\/03\/image-151-768x518.png 768w, https:\/\/elmercuriomanta.ec\/wp-content\/uploads\/2026\/03\/image-151.png 1200w\" sizes=\"(max-width: 1024px) 100vw, 1024px\" \/><\/figure>\n\n\n\n<p>La Bancada de ADN se\u00f1al\u00f3 que, en cumplimiento de lo dispuesto por la Corte Constitucional en el caso de los ni\u00f1os de Las Malvinas, la Asamblea declar\u00f3 el 8 de diciembre como d\u00eda conmemorativo en su memoria. El comunicado se difundi\u00f3 este viernes, 13 de marzo de 2026. En el encabezado dice:<\/p>\n\n\n\n<p>\u201cCumplimos lo dispuesto por la Corte Constitucional en el caso de los ni\u00f1os Josu\u00e9, Ismael, Steven y Nehem\u00edas\u201d. Adem\u00e1s se indic\u00f3 que se dispuso que la Comisi\u00f3n de Seguridad presente, en 30 d\u00edas, las reformas pertinentes a la normativa vigente para garantizar una reparaci\u00f3n integral. \u201cExpresamos nuestra solidaridad con las familias y nuestro respeto por su dolor. Nuestro compromiso es claro: que no exista impunidad\u201d.<\/p>\n","protected":false},"excerpt":{"rendered":"<p>La Bancada de ADN se\u00f1al\u00f3 que, en cumplimiento de lo dispuesto por la Corte Constitucional en el caso de los ni\u00f1os de Las Malvinas, la Asamblea declar\u00f3 el 8 de diciembre como d\u00eda conmemorativo en su memoria. El comunicado se difundi\u00f3 este viernes, 13 de marzo de 2026. En el encabezado dice:<\/p>\n<p>\u201cCumplimos lo dispuesto por la Corte Constitucional en el caso de los ni\u00f1os Josu\u00e9, Ismael, Steven y Nehem\u00edas\u201d. Adem\u00e1s se indic\u00f3 que se dispuso que la Comisi\u00f3n de Seguridad presente, en 30 d\u00edas, las reformas pertinentes a la normativa vigente para garantizar una reparaci\u00f3n integral. \u201cExpresamos nuestra solidaridad con las familias y nuestro respeto por su dolor. Nuestro compromiso es claro: que no exista impunidad\u201d.<\/p>\n","protected":false},"author":12,"featured_media":62102,"comment_status":"open","ping_status":"open","sticky":false,"template":"","format":"standard","meta":{"footnotes":""},"categories":[54],"tags":[],"class_list":["post-62101","post","type-post","status-publish","format-standard","has-post-thumbnail","hentry","category-politica"],"_links":{"self":[{"href":"https:\/\/elmercuriomanta.ec\/index.php\/wp-json\/wp\/v2\/posts\/62101","targetHints":{"allow":["GET"]}}],"collection":[{"href":"https:\/\/elmercuriomanta.ec\/index.php\/wp-json\/wp\/v2\/posts"}],"about":[{"href":"https:\/\/elmercuriomanta.ec\/index.php\/wp-json\/wp\/v2\/types\/post"}],"author":[{"embeddable":true,"href":"https:\/\/elmercuriomanta.ec\/index.php\/wp-json\/wp\/v2\/users\/12"}],"replies":[{"embeddable":true,"href":"https:\/\/elmercuriomanta.ec\/index.php\/wp-json\/wp\/v2\/comments?post=62101"}],"version-history":[{"count":1,"href":"https:\/\/elmercuriomanta.ec\/index.php\/wp-json\/wp\/v2\/posts\/62101\/revisions"}],"predecessor-version":[{"id":62103,"href":"https:\/\/elmercuriomanta.ec\/index.php\/wp-json\/wp\/v2\/posts\/62101\/revisions\/62103"}],"wp:featuredmedia":[{"embeddable":true,"href":"https:\/\/elmercuriomanta.ec\/index.php\/wp-json\/wp\/v2\/media\/62102"}],"wp:attachment":[{"href":"https:\/\/elmercuriomanta.ec\/index.php\/wp-json\/wp\/v2\/media?parent=62101"}],"wp:term":[{"taxonomy":"category","embeddable":true,"href":"https:\/\/elmercuriomanta.ec\/index.php\/wp-json\/wp\/v2\/categories?post=62101"},{"taxonomy":"post_tag","embeddable":true,"href":"https:\/\/elmercuriomanta.ec\/index.php\/wp-json\/wp\/v2\/tags?post=62101"}],"curies":[{"name":"wp","href":"https:\/\/api.w.org\/{rel}","templated":true}]}}