{"id":62085,"date":"2026-03-13T14:42:39","date_gmt":"2026-03-13T19:42:39","guid":{"rendered":"https:\/\/elmercuriomanta.ec\/?p=62085"},"modified":"2026-03-13T14:42:39","modified_gmt":"2026-03-13T19:42:39","slug":"detienen-a-angel-tapia-juez-penal-de-guayaquil-por-presunto-trafico-de-influencias","status":"publish","type":"post","link":"https:\/\/elmercuriomanta.ec\/index.php\/2026\/03\/13\/detienen-a-angel-tapia-juez-penal-de-guayaquil-por-presunto-trafico-de-influencias\/","title":{"rendered":"Detienen a \u00c1ngel Tapia, juez penal de Guayaquil, por presunto tr\u00e1fico de influencias"},"content":{"rendered":"\n<figure class=\"wp-block-image aligncenter size-full is-resized\"><img fetchpriority=\"high\" decoding=\"async\" width=\"480\" height=\"270\" src=\"https:\/\/elmercuriomanta.ec\/wp-content\/uploads\/2026\/03\/image-146.png\" alt=\"\" class=\"wp-image-62086\" style=\"width:677px;height:auto\" srcset=\"https:\/\/elmercuriomanta.ec\/wp-content\/uploads\/2026\/03\/image-146.png 480w, https:\/\/elmercuriomanta.ec\/wp-content\/uploads\/2026\/03\/image-146-300x169.png 300w\" sizes=\"(max-width: 480px) 100vw, 480px\" \/><\/figure>\n\n\n\n<p>El presidente Daniel Noboa y el ministro del Interior, John Reimberg, reaccionan tras allanamiento y detenci\u00f3n del juez penal de Guayaquil que hace tres meses orden\u00f3 la liberaci\u00f3n de alias Od\u00edn.<\/p>\n\n\n\n<p>La Fiscal\u00eda General del Estado y la Polic\u00eda Nacional ejecutaron un allanamiento que termin\u00f3 con&nbsp;la detenci\u00f3n del juez penal de Guayaquil, \u00c1ngel Enrique Tapia, por el presunto delito de tr\u00e1fico de influencias, este viernes 13 de marzo de 2026.&nbsp; En las pr\u00f3ximas horas se resolver\u00e1 su situaci\u00f3n jur\u00eddica, inform\u00f3 la Fiscal\u00eda en sus canales oficiales. Aunque no proporcion\u00f3 m\u00e1s detalles, la entidad precis\u00f3 que esta acci\u00f3n se realiz\u00f3 \u00abcon fines de formulaci\u00f3n de cargos\u00bb.<br><br>La acci\u00f3n fue resaltada por el presidente Daniel Noboa y el ministro del Interior, John Reimberg, en redes sociales, al tiempo que desde organizaciones de la sociedad civil se advierte que el sistema judicial enfrenta una profunda crisis sistem\u00e1tica provocada por presiones pol\u00edticas y la infiltraci\u00f3n del narcotr\u00e1fico. \u00abSiempre lo he dicho: no vamos a tener paz en Ecuador hasta que no acabemos con los operadores pol\u00edticos y judiciales que le hacen el juego al crimen organizado\u00bb, expres\u00f3 Noboa en su cuenta de la red social X (antes Twitter).<br><br>El ministro del Interior, John Reimberg, apunt\u00f3 en X que se busca sentar un precedente y dijo que espera que \u00abcon esto ya el sistema de justicia comience a hacer lo que es correcto\u00bb, y no se libere a miembros de estructuras criminales. \u00abNo vamos a permitir de que la justicia haga lo que quiera dando libertades a los grupos delictivos y peor influenciando a otros jueces para que lo hagan\u00bb,&nbsp;dijo el funcionario. Reimberg divulg\u00f3 fotograf\u00edas del momento en el que el juez Tapia es detenido por la Polic\u00eda. \u00abEl pa\u00eds est\u00e1 cansado de ver c\u00f3mo delincuentes capturados por la Polic\u00eda salen libres por decisiones corruptas o complacientes\u00bb, sostuvo el funcionario.<br><br>\u00abLo advertimos y lo estamos cumpliendo: iremos con toda la fuerza contra los jueces que protejan criminales o utilicen la justicia para favorecer a las mafias\u00bb, remarc\u00f3. La detenci\u00f3n del juez Tapia ocurre tres meses despu\u00e9s de que ordenara la liberaci\u00f3n de Danny William N.G., conocido como alias \u201cOd\u00edn\u201d, procesado por delincuencia organizada e investigado por su v\u00ednculo con una estructura narcodelictiva ligada al bosnio Jezdimir Srdan.<br><br>El 15 de enero, la Judicatura hab\u00eda suspendido a este juez por tres meses, por haber concedido un habeas corpus correctivo a alias &#8216;Od\u00edn&#8217;, decisi\u00f3n que luego fue anulada por la Sala Especializada de lo Civil y Mercantil de la Corte Provincial del Guayas por graves irregularidades procesales y falta de competencia.<\/p>\n","protected":false},"excerpt":{"rendered":"<p>El presidente Daniel Noboa y el ministro del Interior, John Reimberg, reaccionan tras allanamiento y detenci\u00f3n del juez penal de Guayaquil que hace tres meses orden\u00f3 la liberaci\u00f3n de alias Od\u00edn.<\/p>\n","protected":false},"author":14,"featured_media":62086,"comment_status":"open","ping_status":"open","sticky":false,"template":"","format":"standard","meta":{"footnotes":""},"categories":[21,20],"tags":[],"class_list":["post-62085","post","type-post","status-publish","format-standard","has-post-thumbnail","hentry","category-noticia-del-dia","category-portada-2"],"_links":{"self":[{"href":"https:\/\/elmercuriomanta.ec\/index.php\/wp-json\/wp\/v2\/posts\/62085","targetHints":{"allow":["GET"]}}],"collection":[{"href":"https:\/\/elmercuriomanta.ec\/index.php\/wp-json\/wp\/v2\/posts"}],"about":[{"href":"https:\/\/elmercuriomanta.ec\/index.php\/wp-json\/wp\/v2\/types\/post"}],"author":[{"embeddable":true,"href":"https:\/\/elmercuriomanta.ec\/index.php\/wp-json\/wp\/v2\/users\/14"}],"replies":[{"embeddable":true,"href":"https:\/\/elmercuriomanta.ec\/index.php\/wp-json\/wp\/v2\/comments?post=62085"}],"version-history":[{"count":1,"href":"https:\/\/elmercuriomanta.ec\/index.php\/wp-json\/wp\/v2\/posts\/62085\/revisions"}],"predecessor-version":[{"id":62087,"href":"https:\/\/elmercuriomanta.ec\/index.php\/wp-json\/wp\/v2\/posts\/62085\/revisions\/62087"}],"wp:featuredmedia":[{"embeddable":true,"href":"https:\/\/elmercuriomanta.ec\/index.php\/wp-json\/wp\/v2\/media\/62086"}],"wp:attachment":[{"href":"https:\/\/elmercuriomanta.ec\/index.php\/wp-json\/wp\/v2\/media?parent=62085"}],"wp:term":[{"taxonomy":"category","embeddable":true,"href":"https:\/\/elmercuriomanta.ec\/index.php\/wp-json\/wp\/v2\/categories?post=62085"},{"taxonomy":"post_tag","embeddable":true,"href":"https:\/\/elmercuriomanta.ec\/index.php\/wp-json\/wp\/v2\/tags?post=62085"}],"curies":[{"name":"wp","href":"https:\/\/api.w.org\/{rel}","templated":true}]}}