{"id":62076,"date":"2026-03-13T13:51:55","date_gmt":"2026-03-13T18:51:55","guid":{"rendered":"https:\/\/elmercuriomanta.ec\/?p=62076"},"modified":"2026-03-13T13:51:55","modified_gmt":"2026-03-13T18:51:55","slug":"ola-de-sangre-en-manta-asesinan-a-balazos-aun-hombre-y-un-adolescente-de-15-anos","status":"publish","type":"post","link":"https:\/\/elmercuriomanta.ec\/index.php\/2026\/03\/13\/ola-de-sangre-en-manta-asesinan-a-balazos-aun-hombre-y-un-adolescente-de-15-anos\/","title":{"rendered":"OLA DE SANGRE EN MANTA: ASESINAN A BALAZOS AUN HOMBRE Y UN ADOLESCENTE DE 15 A\u00d1OS"},"content":{"rendered":"\n<figure class=\"wp-block-image size-large\"><img fetchpriority=\"high\" decoding=\"async\" width=\"595\" height=\"1024\" src=\"https:\/\/elmercuriomanta.ec\/wp-content\/uploads\/2026\/03\/MUERTO-2-595x1024.jpg\" alt=\"\" class=\"wp-image-62077\" srcset=\"https:\/\/elmercuriomanta.ec\/wp-content\/uploads\/2026\/03\/MUERTO-2-595x1024.jpg 595w, https:\/\/elmercuriomanta.ec\/wp-content\/uploads\/2026\/03\/MUERTO-2-174x300.jpg 174w, https:\/\/elmercuriomanta.ec\/wp-content\/uploads\/2026\/03\/MUERTO-2.jpg 628w\" sizes=\"(max-width: 595px) 100vw, 595px\" \/><\/figure>\n\n\n\n<p>Dos ataques armados casi simult\u00e1neos en Manta acabaron con la vida de un adulto y un adolescente, adem\u00e1s de dejar a otro hombre herido, en hechos ocurridos la tarde de este mi\u00e9rcoles en distintos puntos de la ciudad. El primer suceso se registr\u00f3 alrededor de las 13:00 en el barrio Divino Ni\u00f1o. Sujetos armados llegaron al sector y dispararon contra dos hombres que conversaban en la vereda. Jairo Padilla, de aproximadamente 30 a\u00f1os, recibi\u00f3 13 impactos de bala, la mayor\u00eda en la cabeza, lo que le caus\u00f3 la muerte instant\u00e1nea. La otra v\u00edctima logr\u00f3 huir y fue atendida por param\u00e9dicos, quienes la trasladaron al hospital del Seguro Social. Minutos m\u00e1s tarde, en el barrio El Para\u00edso, un segundo atentado acab\u00f3 con la vida de Dylan V. S., de 15 a\u00f1os, mientras trabajaba en un taller mec\u00e1nico ubicado en la calle 120 y avenida 107.<\/p>\n\n\n\n<p> Testigos indicaron que los disparos iban dirigidos contra el menor, quien fue llevado de urgencia a una cl\u00ednica en Los Esteros, pero falleci\u00f3 debido a la gravedad de las heridas. Tras los ataques, la Polic\u00eda acordon\u00f3 ambas escenas para el levantamiento de indicios. Agentes de Criminal\u00edstica recolectaron varios casquillos de bala que ser\u00e1n periciados para determinar el tipo de arma y la cantidad de disparos. El taller donde asesinaron al menor ya hab\u00eda sido blanco de un hecho violento el pasado 4 de febrero, cuando dos hombres vestidos como polic\u00edas ingresaron al local y dispararon, sin dejar v\u00edctimas fatales Con estos asesinatos, Manta \u2014 junto a Montecristi y Jaramij\u00f3\u2014 suma 91 muertes violentas en lo que va de 2026. En enero, Manab\u00ed registr\u00f3 96 homicidios, siendo la segunda provincia m\u00e1s afectada del pa\u00eds, seg\u00fan el Ministerio del Interior. Las investigaciones contin\u00faan para dar con los responsables.<\/p>\n","protected":false},"excerpt":{"rendered":"<p>Dos ataques armados casi simult\u00e1neos en Manta acabaron con la vida de un adulto y un adolescente, adem\u00e1s de dejar a otro hombre herido, en hechos ocurridos la tarde de este mi\u00e9rcoles en distintos puntos de la ciudad. El primer suceso se registr\u00f3 alrededor de las 13:00 en el barrio Divino Ni\u00f1o. Sujetos armados llegaron [&hellip;]<\/p>\n","protected":false},"author":14,"featured_media":62077,"comment_status":"open","ping_status":"open","sticky":false,"template":"","format":"standard","meta":{"footnotes":""},"categories":[16,106,105],"tags":[],"class_list":["post-62076","post","type-post","status-publish","format-standard","has-post-thumbnail","hentry","category-cronica","category-nacionales","category-noticias"],"_links":{"self":[{"href":"https:\/\/elmercuriomanta.ec\/index.php\/wp-json\/wp\/v2\/posts\/62076","targetHints":{"allow":["GET"]}}],"collection":[{"href":"https:\/\/elmercuriomanta.ec\/index.php\/wp-json\/wp\/v2\/posts"}],"about":[{"href":"https:\/\/elmercuriomanta.ec\/index.php\/wp-json\/wp\/v2\/types\/post"}],"author":[{"embeddable":true,"href":"https:\/\/elmercuriomanta.ec\/index.php\/wp-json\/wp\/v2\/users\/14"}],"replies":[{"embeddable":true,"href":"https:\/\/elmercuriomanta.ec\/index.php\/wp-json\/wp\/v2\/comments?post=62076"}],"version-history":[{"count":1,"href":"https:\/\/elmercuriomanta.ec\/index.php\/wp-json\/wp\/v2\/posts\/62076\/revisions"}],"predecessor-version":[{"id":62078,"href":"https:\/\/elmercuriomanta.ec\/index.php\/wp-json\/wp\/v2\/posts\/62076\/revisions\/62078"}],"wp:featuredmedia":[{"embeddable":true,"href":"https:\/\/elmercuriomanta.ec\/index.php\/wp-json\/wp\/v2\/media\/62077"}],"wp:attachment":[{"href":"https:\/\/elmercuriomanta.ec\/index.php\/wp-json\/wp\/v2\/media?parent=62076"}],"wp:term":[{"taxonomy":"category","embeddable":true,"href":"https:\/\/elmercuriomanta.ec\/index.php\/wp-json\/wp\/v2\/categories?post=62076"},{"taxonomy":"post_tag","embeddable":true,"href":"https:\/\/elmercuriomanta.ec\/index.php\/wp-json\/wp\/v2\/tags?post=62076"}],"curies":[{"name":"wp","href":"https:\/\/api.w.org\/{rel}","templated":true}]}}