{"id":62009,"date":"2026-03-12T14:06:41","date_gmt":"2026-03-12T19:06:41","guid":{"rendered":"https:\/\/elmercuriomanta.ec\/?p=62009"},"modified":"2026-03-12T14:06:41","modified_gmt":"2026-03-12T19:06:41","slug":"juicio-por-la-muerte-de-diego-armando-maradona-ya-tiene-fecha","status":"publish","type":"post","link":"https:\/\/elmercuriomanta.ec\/index.php\/2026\/03\/12\/juicio-por-la-muerte-de-diego-armando-maradona-ya-tiene-fecha\/","title":{"rendered":"Juicio por la muerte de Diego Armando Maradona ya tiene fecha"},"content":{"rendered":"\n<figure class=\"wp-block-image aligncenter size-full is-resized\"><img fetchpriority=\"high\" decoding=\"async\" width=\"860\" height=\"575\" src=\"https:\/\/elmercuriomanta.ec\/wp-content\/uploads\/2026\/03\/image-142.png\" alt=\"\" class=\"wp-image-62010\" style=\"width:597px;height:auto\" srcset=\"https:\/\/elmercuriomanta.ec\/wp-content\/uploads\/2026\/03\/image-142.png 860w, https:\/\/elmercuriomanta.ec\/wp-content\/uploads\/2026\/03\/image-142-300x201.png 300w, https:\/\/elmercuriomanta.ec\/wp-content\/uploads\/2026\/03\/image-142-768x513.png 768w\" sizes=\"(max-width: 860px) 100vw, 860px\" \/><\/figure>\n\n\n\n<p>El tribunal decidi\u00f3 posponer nuevamente el inicio del juicio por la muerte de Maradona, fijando la nueva fecha para el 14 de abril. La reprogramaci\u00f3n responde a la necesidad de ajustar la lista de testigos y fue acordada por todas las partes involucradas.<br><br>El juicio por la muerte de Diego Armando Maradona fue reprogramado y finalmente comenzar\u00e1 el 14 de abril en el Tribunal Oral en lo Criminal N\u00b07 de San Isidro, tras una decisi\u00f3n tomada a pocos d\u00edas del inicio previsto del debate oral en la causa judicial. La modificaci\u00f3n implica un nuevo retraso en el proceso que busca determinar la responsabilidad penal de los acusados por la muerte del exfutbolista, entre ellos el neurocirujano Leopoldo Luque y la psiquiatra Agustina Cosachov.<br><br>Fuentes del caso confirmaron que el Tribunal resolvi\u00f3 postergar el inicio del juicio, que estaba previsto para el 17 de marzo. La nueva fecha fijada para el arranque del debate es el pr\u00f3ximo 14 de abril. La decisi\u00f3n de interrumpir el juicio se tom\u00f3 pocos d\u00edas despu\u00e9s del esc\u00e1ndalo que involucr\u00f3 a la ex jueza Julieta Makintach por un documental clandestino, en medio de los preparativos para el inicio del proceso judicial por el cual fue destituida de su cargo tras un jury en La Plata.<br><br>Adem\u00e1s del cambio de fecha, el Tribunal dispuso que el juicio se realice con dos audiencias semanales en lugar de tres, como se hab\u00eda establecido inicialmente para el desarrollo del debate oral. Seg\u00fan explicaron desde el \u00e1mbito judicial, la modificaci\u00f3n responde principalmente a una reducci\u00f3n considerable en la lista de testigos que participar\u00e1n del proceso. Esto, se\u00f1alaron, obliga a reorganizar la estrategia de las partes y la distribuci\u00f3n de las declaraciones.<br><br>De acuerdo con la resoluci\u00f3n, el objetivo es otorgar un tiempo prudencial para que las partes puedan adecuar su preparaci\u00f3n al nuevo esquema de prueba testimonial y reorganizar el cronograma previsto para las audiencias. En el escrito firmado por el presidente del tribunal, Alberto Gaig, se destac\u00f3 que la decisi\u00f3n apunta a garantizar un desarrollo m\u00e1s ordenado y previsible del juicio oral, respetando los principios de concentraci\u00f3n, continuidad y plazo razonable del proceso penal.<br><br>La resoluci\u00f3n se adopt\u00f3 con dos votos a favor y uno en contra. Gaig y el juez Alberto Ortolani acompa\u00f1aron la reprogramaci\u00f3n del juicio, mientras que Pablo Rol\u00f3n vot\u00f3 por no postergar el inicio del debate.<br><br><\/p>\n","protected":false},"excerpt":{"rendered":"<p>El tribunal decidi\u00f3 posponer nuevamente el inicio del juicio por la muerte de Maradona, fijando la nueva fecha para el 14 de abril. La reprogramaci\u00f3n responde a la necesidad de ajustar la lista de testigos y fue acordada por todas las partes involucradas.<\/p>\n","protected":false},"author":14,"featured_media":62010,"comment_status":"open","ping_status":"open","sticky":false,"template":"","format":"standard","meta":{"footnotes":""},"categories":[9],"tags":[],"class_list":["post-62009","post","type-post","status-publish","format-standard","has-post-thumbnail","hentry","category-deportes"],"_links":{"self":[{"href":"https:\/\/elmercuriomanta.ec\/index.php\/wp-json\/wp\/v2\/posts\/62009","targetHints":{"allow":["GET"]}}],"collection":[{"href":"https:\/\/elmercuriomanta.ec\/index.php\/wp-json\/wp\/v2\/posts"}],"about":[{"href":"https:\/\/elmercuriomanta.ec\/index.php\/wp-json\/wp\/v2\/types\/post"}],"author":[{"embeddable":true,"href":"https:\/\/elmercuriomanta.ec\/index.php\/wp-json\/wp\/v2\/users\/14"}],"replies":[{"embeddable":true,"href":"https:\/\/elmercuriomanta.ec\/index.php\/wp-json\/wp\/v2\/comments?post=62009"}],"version-history":[{"count":1,"href":"https:\/\/elmercuriomanta.ec\/index.php\/wp-json\/wp\/v2\/posts\/62009\/revisions"}],"predecessor-version":[{"id":62011,"href":"https:\/\/elmercuriomanta.ec\/index.php\/wp-json\/wp\/v2\/posts\/62009\/revisions\/62011"}],"wp:featuredmedia":[{"embeddable":true,"href":"https:\/\/elmercuriomanta.ec\/index.php\/wp-json\/wp\/v2\/media\/62010"}],"wp:attachment":[{"href":"https:\/\/elmercuriomanta.ec\/index.php\/wp-json\/wp\/v2\/media?parent=62009"}],"wp:term":[{"taxonomy":"category","embeddable":true,"href":"https:\/\/elmercuriomanta.ec\/index.php\/wp-json\/wp\/v2\/categories?post=62009"},{"taxonomy":"post_tag","embeddable":true,"href":"https:\/\/elmercuriomanta.ec\/index.php\/wp-json\/wp\/v2\/tags?post=62009"}],"curies":[{"name":"wp","href":"https:\/\/api.w.org\/{rel}","templated":true}]}}