{"id":62005,"date":"2026-03-12T13:52:13","date_gmt":"2026-03-12T18:52:13","guid":{"rendered":"https:\/\/elmercuriomanta.ec\/?p=62005"},"modified":"2026-03-12T13:52:13","modified_gmt":"2026-03-12T18:52:13","slug":"oms-alerta-por-lluvia-negra-en-iran-tras-ataques-a-refinerias","status":"publish","type":"post","link":"https:\/\/elmercuriomanta.ec\/index.php\/2026\/03\/12\/oms-alerta-por-lluvia-negra-en-iran-tras-ataques-a-refinerias\/","title":{"rendered":"OMS alerta por \u201clluvia negra\u201d en Ir\u00e1n tras ataques a refiner\u00edas"},"content":{"rendered":"\n<figure class=\"wp-block-image aligncenter size-large is-resized\"><img fetchpriority=\"high\" decoding=\"async\" width=\"1024\" height=\"576\" src=\"https:\/\/elmercuriomanta.ec\/wp-content\/uploads\/2026\/03\/image-140-1024x576.png\" alt=\"\" class=\"wp-image-62006\" style=\"width:668px;height:auto\" srcset=\"https:\/\/elmercuriomanta.ec\/wp-content\/uploads\/2026\/03\/image-140-1024x576.png 1024w, https:\/\/elmercuriomanta.ec\/wp-content\/uploads\/2026\/03\/image-140-300x169.png 300w, https:\/\/elmercuriomanta.ec\/wp-content\/uploads\/2026\/03\/image-140-768x432.png 768w, https:\/\/elmercuriomanta.ec\/wp-content\/uploads\/2026\/03\/image-140.png 1200w\" sizes=\"(max-width: 1024px) 100vw, 1024px\" \/><\/figure>\n\n\n\n<p>Expertos enfatizan que la exposici\u00f3n a compuestos irritantes liberados por incendios en instalaciones petroleras podr\u00eda generar lesiones pulmonares graves, mientras las autoridades aconsejan mantenerse bajo resguardo y monitorean la evoluci\u00f3n del fen\u00f3meno atmosf\u00e9rico sobre la capital iran\u00ed.<br><br>Christian Lindmeier, portavoz de la Organizaci\u00f3n Mundial de la Salud (OMS), advirti\u00f3 que la lluvia contaminada con compuestos t\u00f3xicos tras los ataques contra instalaciones petroleras en Ir\u00e1n podr\u00eda causar lesiones qu\u00edmicas en la piel y da\u00f1os graves a los pulmones. Lindmeier insisti\u00f3 en que esta amenaza surge luego de que incendios en refiner\u00edas y dep\u00f3sitos de petr\u00f3leo liberaran al ambiente sustancias altamente irritantes, seg\u00fan report\u00f3 la OMS. La recomendaci\u00f3n sanitaria principal consiste en que la poblaci\u00f3n permanezca en sus viviendas mientras las autoridades monitorean la calidad del aire y la evoluci\u00f3n de este fen\u00f3meno se\u00f1alado por la OMS y confirmado por las autoridades sanitarias iran\u00edes.<br><br>De acuerdo con la cobertura de la OMS, la ciudad de Teher\u00e1n registr\u00f3 durante la ma\u00f1ana del domingo la presencia de una nube negra, resultado de los ataques recientes a dep\u00f3sitos de crudo y plantas industriales. Ante este escenario, el organismo internacional reiter\u00f3 la alerta epidemiol\u00f3gica difundida localmente, que insta a los ciudadanos a resguardarse para evitar la exposici\u00f3n tanto a la contaminaci\u00f3n del aire como a las lluvias potencialmente \u00e1cidas. Lindmeier explic\u00f3 en una conferencia desde Ginebra que, en estos contextos, la precipitaci\u00f3n pluvial puede mezclarse con agentes qu\u00edmicos da\u00f1inos derivados de la combusti\u00f3n de hidrocarburos, elevando el riesgo para la salud p\u00fablica.<br><br>Tal como public\u00f3 la OMS, la gravedad del da\u00f1o potencial que representa la llamada \u201clluvia negra\u201d var\u00eda principalmente en funci\u00f3n de circunstancias como la direcci\u00f3n del viento, la ubicaci\u00f3n de los individuos y la concentraci\u00f3n de contaminantes dispersos. \u201cPor ahora, solo podemos apoyar a las autoridades en el terreno con mensajes de salud p\u00fablica y con la mejor investigaci\u00f3n y seguimiento posibles\u201d, afirm\u00f3 el portavoz de la OMS, subrayando que el control de los incendios resulta fundamental para impedir la propagaci\u00f3n de componentes t\u00f3xicos por aire y por agua.<\/p>\n\n\n\n<figure class=\"wp-block-image aligncenter size-full is-resized\"><img decoding=\"async\" width=\"1024\" height=\"576\" src=\"https:\/\/elmercuriomanta.ec\/wp-content\/uploads\/2026\/03\/image-141.png\" alt=\"\" class=\"wp-image-62007\" style=\"width:666px;height:auto\" srcset=\"https:\/\/elmercuriomanta.ec\/wp-content\/uploads\/2026\/03\/image-141.png 1024w, https:\/\/elmercuriomanta.ec\/wp-content\/uploads\/2026\/03\/image-141-300x169.png 300w, https:\/\/elmercuriomanta.ec\/wp-content\/uploads\/2026\/03\/image-141-768x432.png 768w\" sizes=\"(max-width: 1024px) 100vw, 1024px\" \/><\/figure>\n\n\n\n<p>La organizaci\u00f3n se mantiene en contacto con las autoridades iran\u00edes, aunque reconoce que sigue sin conocerse con precisi\u00f3n el impacto sanitario que podr\u00eda ocasionar este tipo de precipitaci\u00f3n. El medio tambi\u00e9n consign\u00f3 que el domingo la capital iran\u00ed amaneci\u00f3 bajo la amenaza de una \u201clluvia negra\u201d, una situaci\u00f3n agravada por la reiteraci\u00f3n de ataques en infraestructuras energ\u00e9ticas, que ha provocado preocupaci\u00f3n sobre las consecuencias a corto y largo plazo tanto en la salud humana como en el equilibrio ambiental.<br><br>Lindmeier insisti\u00f3 en que las emanaciones de productos qu\u00edmicos tras la combusti\u00f3n pueden manifestarse no solo como riesgo respiratorio, sino tambi\u00e9n a trav\u00e9s de quemaduras qu\u00edmicas en la piel al entrar en contacto directo con precipitaciones contaminadas. Ravina Shamdasani, portavoz del Alto Comisionado de la ONU para los Derechos Humanos, declar\u00f3 su inquietud sobre la repercusi\u00f3n directa de estos ataques en el derecho a la salud de la poblaci\u00f3n civil y en la integridad del entorno natural, informaron medios internacionales.<br><br>Shamdasani cuestion\u00f3 si se respetaron los principios de proporcionalidad y precauci\u00f3n contenidos en el Derecho Humanitario, ya que, seg\u00fan su an\u00e1lisis, las instalaciones atacadas no aparentan ser de uso \u00fanicamente militar. \u201cTambi\u00e9n nos preocupa que el impacto previsible sobre los civiles y el medioambiente de estos ataques plantee serias preguntas sobre si en los mismos se cumplieron las obligaciones de proporcionalidad y precauci\u00f3n seg\u00fan el Derecho Humanitario.<br><br>Estos sitios no parecen ser de uso exclusivo militar\u201d, cit\u00f3 la cobertura de la OMS. Seg\u00fan indicaron portavoces y seg\u00fan detall\u00f3 la OMS, la ofensiva conjunta de Estados Unidos e Israel ha entrado en su und\u00e9cimo d\u00eda, registrando m\u00e1s de 1.200 fallecimientos en Ir\u00e1n, de acuerdo con cifras oficiales iran\u00edes. Entre las v\u00edctimas se incluyen figuras de alto rango, entre ellas el l\u00edder supremo Al\u00ed Jamenei, miembros del gabinete y mandos militares. Las autoridades responden mediante lanzamientos de misiles y drones dirigidos tanto contra Israel como contra posiciones estadounidenses ubicadas en diversos pa\u00edses de Oriente Pr\u00f3ximo, extendiendo as\u00ed el alcance del conflicto. La informaci\u00f3n difundida por la OMS y citada por otros medios establece que el nivel de amenaza identificado en la capital persiste, mientras se evaluaban tanto la calidad del aire como los posibles efectos de las lluvias sobre la poblaci\u00f3n.<br><br>El seguimiento de la situaci\u00f3n persiste, y las recomendaciones inmediatas de los organismos internacionales y gubernamentales buscan limitar la exposici\u00f3n al fen\u00f3meno mediante el resguardo domiciliario y la evaluaci\u00f3n constante de los factores de riesgo atmosf\u00e9rico y sanitario.<br><\/p>\n","protected":false},"excerpt":{"rendered":"<p>Expertos enfatizan que la exposici\u00f3n a compuestos irritantes liberados por incendios en instalaciones petroleras podr\u00eda generar lesiones pulmonares graves, mientras las autoridades aconsejan mantenerse bajo resguardo y monitorean la evoluci\u00f3n del fen\u00f3meno atmosf\u00e9rico sobre la capital iran\u00ed.<\/p>\n","protected":false},"author":14,"featured_media":62006,"comment_status":"open","ping_status":"open","sticky":false,"template":"","format":"standard","meta":{"footnotes":""},"categories":[8],"tags":[],"class_list":["post-62005","post","type-post","status-publish","format-standard","has-post-thumbnail","hentry","category-internacional"],"_links":{"self":[{"href":"https:\/\/elmercuriomanta.ec\/index.php\/wp-json\/wp\/v2\/posts\/62005","targetHints":{"allow":["GET"]}}],"collection":[{"href":"https:\/\/elmercuriomanta.ec\/index.php\/wp-json\/wp\/v2\/posts"}],"about":[{"href":"https:\/\/elmercuriomanta.ec\/index.php\/wp-json\/wp\/v2\/types\/post"}],"author":[{"embeddable":true,"href":"https:\/\/elmercuriomanta.ec\/index.php\/wp-json\/wp\/v2\/users\/14"}],"replies":[{"embeddable":true,"href":"https:\/\/elmercuriomanta.ec\/index.php\/wp-json\/wp\/v2\/comments?post=62005"}],"version-history":[{"count":1,"href":"https:\/\/elmercuriomanta.ec\/index.php\/wp-json\/wp\/v2\/posts\/62005\/revisions"}],"predecessor-version":[{"id":62008,"href":"https:\/\/elmercuriomanta.ec\/index.php\/wp-json\/wp\/v2\/posts\/62005\/revisions\/62008"}],"wp:featuredmedia":[{"embeddable":true,"href":"https:\/\/elmercuriomanta.ec\/index.php\/wp-json\/wp\/v2\/media\/62006"}],"wp:attachment":[{"href":"https:\/\/elmercuriomanta.ec\/index.php\/wp-json\/wp\/v2\/media?parent=62005"}],"wp:term":[{"taxonomy":"category","embeddable":true,"href":"https:\/\/elmercuriomanta.ec\/index.php\/wp-json\/wp\/v2\/categories?post=62005"},{"taxonomy":"post_tag","embeddable":true,"href":"https:\/\/elmercuriomanta.ec\/index.php\/wp-json\/wp\/v2\/tags?post=62005"}],"curies":[{"name":"wp","href":"https:\/\/api.w.org\/{rel}","templated":true}]}}