{"id":61667,"date":"2026-03-06T12:48:40","date_gmt":"2026-03-06T17:48:40","guid":{"rendered":"https:\/\/elmercuriomanta.ec\/?p=61667"},"modified":"2026-03-06T12:48:40","modified_gmt":"2026-03-06T17:48:40","slug":"terror-en-portoviejo-tres-ataques-simultaneos-dejan-dos-muertos-y-un-herido-grave","status":"publish","type":"post","link":"https:\/\/elmercuriomanta.ec\/index.php\/2026\/03\/06\/terror-en-portoviejo-tres-ataques-simultaneos-dejan-dos-muertos-y-un-herido-grave\/","title":{"rendered":"TERROR EN PORTOVIEJO: TRES ATAQUES SIMULT\u00c1NEOS DEJAN DOS MUERTOS Y UN HERIDO GRAVE"},"content":{"rendered":"\n<figure class=\"wp-block-image size-large\"><img fetchpriority=\"high\" decoding=\"async\" width=\"1024\" height=\"576\" src=\"https:\/\/elmercuriomanta.ec\/wp-content\/uploads\/2026\/03\/image-66-1024x576.png\" alt=\"\" class=\"wp-image-61668\" srcset=\"https:\/\/elmercuriomanta.ec\/wp-content\/uploads\/2026\/03\/image-66-1024x576.png 1024w, https:\/\/elmercuriomanta.ec\/wp-content\/uploads\/2026\/03\/image-66-300x169.png 300w, https:\/\/elmercuriomanta.ec\/wp-content\/uploads\/2026\/03\/image-66-768x432.png 768w, https:\/\/elmercuriomanta.ec\/wp-content\/uploads\/2026\/03\/image-66.png 1200w\" sizes=\"(max-width: 1024px) 100vw, 1024px\" \/><\/figure>\n\n\n\n<p>La violencia volvi\u00f3 a golpear a Portoviejo, capital de Manab\u00ed. Tres ataques armados registrados en distintos sectores del cant\u00f3n dejaron dos personas fallecidas y una gravemente herida. Los hechos se cometieron casi de manera simult\u00e1nea y la Polic\u00eda no descarta posibles v\u00ednculos entre estos. La primera escena de violencia se registr\u00f3 en la intersecci\u00f3n de las calles Quito y Gabriela Mistral, donde, seg\u00fan versiones de testigos, sujetos fuertemente armados que se movilizaban en una motocicleta persiguieron a otros dos hombres que andaban en un veh\u00edculo similar. Durante la persecuci\u00f3n realizaron varios disparos, algunos de los cuales impactaron contra el copiloto de la motocicleta, Carlos Francisco Cervantes Burgos, de 32 a\u00f1os, quien cay\u00f3 al suelo. Testigos relataron que el conductor de la moto huy\u00f3 del lugar, aparentemente intentando salvar su vida. UN COMERCIANTE HERIDO Y OTRO ASESINADO Otro hecho armado fue reportado en la calle Real Tamarindo de Portoviejo. Un grupo de amigos que estaban conversando en una esquina fue sorprendidos a balazos. En ese ataque, un hombre, presuntamente comerciante, result\u00f3 gravemente herido y fue trasladado a una casa de salud, donde permanece con pron\u00f3stico reservado. Casi a la misma hora, alrededor de las 21:00, en la parroquia Crucita, espec\u00edficamente en el sector Los Arenales, asesinaron a tiros a Joel Rosado, de unos 23 a\u00f1os, quien caminaba por la zona<\/p>\n","protected":false},"excerpt":{"rendered":"<p>La violencia volvi\u00f3 a golpear a Portoviejo, capital de Manab\u00ed. Tres ataques armados registrados en distintos sectores del cant\u00f3n dejaron dos personas fallecidas y una gravemente herida. Los hechos se cometieron casi de manera simult\u00e1nea y la Polic\u00eda no descarta posibles v\u00ednculos entre estos. La primera escena de violencia se registr\u00f3 en la intersecci\u00f3n de [&hellip;]<\/p>\n","protected":false},"author":14,"featured_media":61668,"comment_status":"open","ping_status":"open","sticky":false,"template":"","format":"standard","meta":{"footnotes":""},"categories":[16,106,21,19],"tags":[],"class_list":["post-61667","post","type-post","status-publish","format-standard","has-post-thumbnail","hentry","category-cronica","category-nacionales","category-noticia-del-dia","category-portada-1"],"_links":{"self":[{"href":"https:\/\/elmercuriomanta.ec\/index.php\/wp-json\/wp\/v2\/posts\/61667","targetHints":{"allow":["GET"]}}],"collection":[{"href":"https:\/\/elmercuriomanta.ec\/index.php\/wp-json\/wp\/v2\/posts"}],"about":[{"href":"https:\/\/elmercuriomanta.ec\/index.php\/wp-json\/wp\/v2\/types\/post"}],"author":[{"embeddable":true,"href":"https:\/\/elmercuriomanta.ec\/index.php\/wp-json\/wp\/v2\/users\/14"}],"replies":[{"embeddable":true,"href":"https:\/\/elmercuriomanta.ec\/index.php\/wp-json\/wp\/v2\/comments?post=61667"}],"version-history":[{"count":1,"href":"https:\/\/elmercuriomanta.ec\/index.php\/wp-json\/wp\/v2\/posts\/61667\/revisions"}],"predecessor-version":[{"id":61669,"href":"https:\/\/elmercuriomanta.ec\/index.php\/wp-json\/wp\/v2\/posts\/61667\/revisions\/61669"}],"wp:featuredmedia":[{"embeddable":true,"href":"https:\/\/elmercuriomanta.ec\/index.php\/wp-json\/wp\/v2\/media\/61668"}],"wp:attachment":[{"href":"https:\/\/elmercuriomanta.ec\/index.php\/wp-json\/wp\/v2\/media?parent=61667"}],"wp:term":[{"taxonomy":"category","embeddable":true,"href":"https:\/\/elmercuriomanta.ec\/index.php\/wp-json\/wp\/v2\/categories?post=61667"},{"taxonomy":"post_tag","embeddable":true,"href":"https:\/\/elmercuriomanta.ec\/index.php\/wp-json\/wp\/v2\/tags?post=61667"}],"curies":[{"name":"wp","href":"https:\/\/api.w.org\/{rel}","templated":true}]}}