{"id":61628,"date":"2026-03-06T10:27:44","date_gmt":"2026-03-06T15:27:44","guid":{"rendered":"https:\/\/elmercuriomanta.ec\/?p=61628"},"modified":"2026-03-06T10:30:04","modified_gmt":"2026-03-06T15:30:04","slug":"habitantes-de-la-avenida-108-llevan-mas-de-un-ano-exigiendo-reparaciones","status":"publish","type":"post","link":"https:\/\/elmercuriomanta.ec\/index.php\/2026\/03\/06\/habitantes-de-la-avenida-108-llevan-mas-de-un-ano-exigiendo-reparaciones\/","title":{"rendered":"Habitantes de la avenida 108 llevan m\u00e1s de un a\u00f1o exigiendo reparaciones"},"content":{"rendered":"\n<figure class=\"wp-block-image aligncenter size-full is-resized\"><img fetchpriority=\"high\" decoding=\"async\" width=\"451\" height=\"631\" src=\"https:\/\/elmercuriomanta.ec\/wp-content\/uploads\/2026\/03\/WhatsApp-Image-2026-03-06-at-10.25.04.jpeg\" alt=\"\" class=\"wp-image-61629\" style=\"width:337px;height:auto\" srcset=\"https:\/\/elmercuriomanta.ec\/wp-content\/uploads\/2026\/03\/WhatsApp-Image-2026-03-06-at-10.25.04.jpeg 451w, https:\/\/elmercuriomanta.ec\/wp-content\/uploads\/2026\/03\/WhatsApp-Image-2026-03-06-at-10.25.04-214x300.jpeg 214w\" sizes=\"(max-width: 451px) 100vw, 451px\" \/><\/figure>\n\n\n\n<p>Denuncian arreglos superficiales, da\u00f1os constantes a sus veh\u00edculos y falta de atenci\u00f3n en calles principales. El llamado es directo a la alcaldesa: \u00abPila con eso\u00bb.<br><br>Un peque\u00f1o tramo de la avenida 108 se ha convertido en el s\u00edmbolo del abandono municipal en pleno coraz\u00f3n de Manta. Los residentes de la zona denuncian que, desde hace m\u00e1s de un a\u00f1o, ni las reparaciones ni el mantenimiento han llegado de forma efectiva, pese a las promesas y a los trabajos superficiales que, aseguran, no resuelven el problema de fondo. \u201cPuede que est\u00e9n arreglando ahorita, pero no arreglan como es debido.<br><br>Pasan por ah\u00ed la mano y se fueron, y eso queda igual, lo mismo de siempre\u201d, expres\u00f3 un vecino afectado. La queja se repite entre los habitantes: los baches y los huecos no solo dificultan el tr\u00e1nsito, sino que provocan da\u00f1os constantes en los veh\u00edculos. \u201cSe da\u00f1an amortiguadores, ruedas\u2026 y nosotros pagamos las consecuencias\u201d, agreg\u00f3. A la cr\u00edtica por el mal estado de las v\u00edas se suma otra problem\u00e1tica recurrente en el sector: el servicio de agua potable.<br><br>Los vecinos afirman que las \u201choras de suministro quedan a medias\u201d, afectando a todas las viviendas. La falta de continuidad en el servicio, denuncian, se ha vuelto parte del d\u00eda a d\u00eda, sin que las autoridades den una soluci\u00f3n definitiva. \u201cCon invierno o sin invierno, para m\u00ed no est\u00e1 bien. Tienen que hacer las cosas como es. Aqu\u00ed ya muchos a\u00f1os se ha perjudicado esto y tambi\u00e9n en otros lados\u201d, se\u00f1al\u00f3 otra residente, visiblemente cansada por la situaci\u00f3n.<br><br>Los testimonios coinciden en que las autoridades \u201cse dedican m\u00e1s bien a otras cosas, pero no a arreglar\u201d. El reclamo no se limita a una sola calle. \u201cNo es en un solo lado, son algunas partes. Manta est\u00e1 destruido, queremos que arreglen. Que sean las mejores calles, las principales m\u00e1s que todo\u201d, enfatizaron.<br><br>Los habitantes exigen respuestas inmediatas y acciones concretas, no parches temporales. Y el mensaje es directo a la primera autoridad municipal: \u201calcaldesa, pila con eso\u201d. Mientras tanto, los vecinos de la avenida 108 contin\u00faan esperando que el pr\u00f3ximo a\u00f1o no sea uno m\u00e1s de olvido.<br><br><\/p>\n","protected":false},"excerpt":{"rendered":"<p>Denuncian arreglos superficiales, da\u00f1os constantes a sus veh\u00edculos y falta de atenci\u00f3n en calles principales. El llamado es directo a la alcaldesa: \u00abPila con eso\u00bb.<\/p>\n","protected":false},"author":14,"featured_media":61629,"comment_status":"open","ping_status":"open","sticky":false,"template":"","format":"standard","meta":{"footnotes":""},"categories":[107,19],"tags":[87,86],"class_list":["post-61628","post","type-post","status-publish","format-standard","has-post-thumbnail","hentry","category-barrios","category-portada-1","tag-el-mercurio-en-los-barrios","tag-en-tu-barrio"],"_links":{"self":[{"href":"https:\/\/elmercuriomanta.ec\/index.php\/wp-json\/wp\/v2\/posts\/61628","targetHints":{"allow":["GET"]}}],"collection":[{"href":"https:\/\/elmercuriomanta.ec\/index.php\/wp-json\/wp\/v2\/posts"}],"about":[{"href":"https:\/\/elmercuriomanta.ec\/index.php\/wp-json\/wp\/v2\/types\/post"}],"author":[{"embeddable":true,"href":"https:\/\/elmercuriomanta.ec\/index.php\/wp-json\/wp\/v2\/users\/14"}],"replies":[{"embeddable":true,"href":"https:\/\/elmercuriomanta.ec\/index.php\/wp-json\/wp\/v2\/comments?post=61628"}],"version-history":[{"count":1,"href":"https:\/\/elmercuriomanta.ec\/index.php\/wp-json\/wp\/v2\/posts\/61628\/revisions"}],"predecessor-version":[{"id":61631,"href":"https:\/\/elmercuriomanta.ec\/index.php\/wp-json\/wp\/v2\/posts\/61628\/revisions\/61631"}],"wp:featuredmedia":[{"embeddable":true,"href":"https:\/\/elmercuriomanta.ec\/index.php\/wp-json\/wp\/v2\/media\/61629"}],"wp:attachment":[{"href":"https:\/\/elmercuriomanta.ec\/index.php\/wp-json\/wp\/v2\/media?parent=61628"}],"wp:term":[{"taxonomy":"category","embeddable":true,"href":"https:\/\/elmercuriomanta.ec\/index.php\/wp-json\/wp\/v2\/categories?post=61628"},{"taxonomy":"post_tag","embeddable":true,"href":"https:\/\/elmercuriomanta.ec\/index.php\/wp-json\/wp\/v2\/tags?post=61628"}],"curies":[{"name":"wp","href":"https:\/\/api.w.org\/{rel}","templated":true}]}}