{"id":61612,"date":"2026-03-05T14:42:50","date_gmt":"2026-03-05T19:42:50","guid":{"rendered":"https:\/\/elmercuriomanta.ec\/?p=61612"},"modified":"2026-03-05T14:42:50","modified_gmt":"2026-03-05T19:42:50","slug":"aucas-hace-oficial-el-fichaje-de-ayrton-preciado-para-la-temporada-2026","status":"publish","type":"post","link":"https:\/\/elmercuriomanta.ec\/index.php\/2026\/03\/05\/aucas-hace-oficial-el-fichaje-de-ayrton-preciado-para-la-temporada-2026\/","title":{"rendered":"Aucas hace oficial el fichaje de Ayrton Preciado para la temporada 2026"},"content":{"rendered":"\n<figure class=\"wp-block-image aligncenter size-large is-resized\"><img fetchpriority=\"high\" decoding=\"async\" width=\"1024\" height=\"683\" src=\"https:\/\/elmercuriomanta.ec\/wp-content\/uploads\/2026\/03\/image-55-1024x683.png\" alt=\"\" class=\"wp-image-61613\" style=\"width:520px;height:auto\" srcset=\"https:\/\/elmercuriomanta.ec\/wp-content\/uploads\/2026\/03\/image-55-1024x683.png 1024w, https:\/\/elmercuriomanta.ec\/wp-content\/uploads\/2026\/03\/image-55-300x200.png 300w, https:\/\/elmercuriomanta.ec\/wp-content\/uploads\/2026\/03\/image-55-768x512.png 768w, https:\/\/elmercuriomanta.ec\/wp-content\/uploads\/2026\/03\/image-55-1536x1024.png 1536w, https:\/\/elmercuriomanta.ec\/wp-content\/uploads\/2026\/03\/image-55-2048x1366.png 2048w\" sizes=\"(max-width: 1024px) 100vw, 1024px\" \/><\/figure>\n\n\n\n<p>Aucas anunci\u00f3 su d\u00e9cimo fichaje para la temporada 2026 del torneo nacional con un exseleccionado ecuatoriano. El mercado de fichajes en Ecuador para la temporada 2026 a\u00fan no cierra y Aucas anunci\u00f3 un refuerzo de lujo con el campeonato ecuatoriano ya iniciado. El conjunto oriental repatri\u00f3 a Ayrton Preciado, que en su momento fue seleccionado de la Tri. Antes de que se juegue la tercera fecha del campeonato ecuatoriano, Aucas anunci\u00f3 a su d\u00e9cimo fichaje de la temporada.<br><br>Desde sus redes, el conjunto oriental mostr\u00f3 al puntero izquierdo Ayrton Preciado y le brind\u00f3 su recibimiento. \u201cUn d\u00eda se fue, pero sab\u00edamos que iba a volver. Hoy, Ayrton vuelve a ponerse la piel de pap\u00e1, vuelve a la \u2018caldera\u2019 y sentir\u00e1 nuevamente el abrazo de nuestra fiel hinchada. \u00a1Qu\u00e9 alegr\u00eda tenerte de vuelta, Ayrton!\u201d, manifest\u00f3 en la publicaci\u00f3n. Tras la incorporaci\u00f3n del extremo, la escuadra aurigrana tambi\u00e9n mostr\u00f3 una ilustraci\u00f3n de Preciado con la camiseta del equipo.<br><br>Dentro de ella, tambi\u00e9n le dio la bienvenida al conjunto de Chillogallo. Con su regreso a Aucas, Ayrton Preciado vuelve al pa\u00eds con 31 a\u00f1os y despu\u00e9s de una tercera etapa en el extranjero. La \u00faltima temporada del futbolista fue con Aldosivi de Argentina y antes estuvo en el Queretaro de M\u00e9xico. Previo a su \u00faltima salida al exterior, el futbolista estuvo en Guayaquil City, adonde lleg\u00f3 desde el Santos Laguna mexicano.<br><br>Al cuadro de Torre\u00f3n hab\u00eda sido transferido desde Emelec y antes hab\u00eda jugado en Deportivo del Valle y Aucas. Antes de llegar al conjunto oriental, este jug\u00f3 para Trofense y Leixoes en Portugal tras haber debutado en el Deportivo Quito. Dentro de su trayectoria en clubes, Preciado suma 70 goles y 41 asistencias.<br><br>Con la Selecci\u00f3n de Ecuador jug\u00f3 las eliminatorias rumano al Mundial 2022, la Copa Am\u00e9rica 2024 y partidos amistosos. En total sum\u00f3 20 compromisos, tres anotaciones y tres pases que terminaron en gol.<br><\/p>\n","protected":false},"excerpt":{"rendered":"<p>Aucas anunci\u00f3 su d\u00e9cimo fichaje para la temporada 2026 del torneo nacional con un exseleccionado ecuatoriano.<\/p>\n","protected":false},"author":14,"featured_media":61613,"comment_status":"open","ping_status":"open","sticky":false,"template":"","format":"standard","meta":{"footnotes":""},"categories":[9],"tags":[],"class_list":["post-61612","post","type-post","status-publish","format-standard","has-post-thumbnail","hentry","category-deportes"],"_links":{"self":[{"href":"https:\/\/elmercuriomanta.ec\/index.php\/wp-json\/wp\/v2\/posts\/61612","targetHints":{"allow":["GET"]}}],"collection":[{"href":"https:\/\/elmercuriomanta.ec\/index.php\/wp-json\/wp\/v2\/posts"}],"about":[{"href":"https:\/\/elmercuriomanta.ec\/index.php\/wp-json\/wp\/v2\/types\/post"}],"author":[{"embeddable":true,"href":"https:\/\/elmercuriomanta.ec\/index.php\/wp-json\/wp\/v2\/users\/14"}],"replies":[{"embeddable":true,"href":"https:\/\/elmercuriomanta.ec\/index.php\/wp-json\/wp\/v2\/comments?post=61612"}],"version-history":[{"count":1,"href":"https:\/\/elmercuriomanta.ec\/index.php\/wp-json\/wp\/v2\/posts\/61612\/revisions"}],"predecessor-version":[{"id":61614,"href":"https:\/\/elmercuriomanta.ec\/index.php\/wp-json\/wp\/v2\/posts\/61612\/revisions\/61614"}],"wp:featuredmedia":[{"embeddable":true,"href":"https:\/\/elmercuriomanta.ec\/index.php\/wp-json\/wp\/v2\/media\/61613"}],"wp:attachment":[{"href":"https:\/\/elmercuriomanta.ec\/index.php\/wp-json\/wp\/v2\/media?parent=61612"}],"wp:term":[{"taxonomy":"category","embeddable":true,"href":"https:\/\/elmercuriomanta.ec\/index.php\/wp-json\/wp\/v2\/categories?post=61612"},{"taxonomy":"post_tag","embeddable":true,"href":"https:\/\/elmercuriomanta.ec\/index.php\/wp-json\/wp\/v2\/tags?post=61612"}],"curies":[{"name":"wp","href":"https:\/\/api.w.org\/{rel}","templated":true}]}}