{"id":6147,"date":"2023-09-25T09:35:44","date_gmt":"2023-09-25T14:35:44","guid":{"rendered":"https:\/\/elmercuriomanta.ec\/?p=6147"},"modified":"2023-09-25T09:35:46","modified_gmt":"2023-09-25T14:35:46","slug":"hoy-se-inicia-la-campana-electoral-para-la-segunda-vuelta","status":"publish","type":"post","link":"https:\/\/elmercuriomanta.ec\/index.php\/2023\/09\/25\/hoy-se-inicia-la-campana-electoral-para-la-segunda-vuelta\/","title":{"rendered":"Hoy se inicia la campa\u00f1a electoral para la segunda vuelta"},"content":{"rendered":"\n<figure class=\"wp-block-image aligncenter size-full is-resized\"><img fetchpriority=\"high\" decoding=\"async\" src=\"https:\/\/elmercuriomanta.ec\/wp-content\/uploads\/2023\/09\/image-218.png\" alt=\"\" class=\"wp-image-6148\" style=\"width:363px;height:282px\" width=\"363\" height=\"282\" srcset=\"https:\/\/elmercuriomanta.ec\/wp-content\/uploads\/2023\/09\/image-218.png 443w, https:\/\/elmercuriomanta.ec\/wp-content\/uploads\/2023\/09\/image-218-300x233.png 300w\" sizes=\"(max-width: 363px) 100vw, 363px\" \/><\/figure>\n\n\n\n<p>El Consejo Nacional Electoral inform\u00f3 que este domingo 24 de septiembre se inicia la campa\u00f1a electoral para la segunda vuelta de las Elecciones Anticipadas y finalizar\u00e1 el jueves 12 de octubre de 2023. \u00abDurante este periodo, podr\u00e1n hacer uso del Fondo de Promoci\u00f3n Electoral para la Segunda Vuelta y difundir sus propuestas en prensa escrita, radio, televisi\u00f3n, vallas publicitarias y medios digitales de forma equitativa e igualitaria\u00bb, explic\u00f3 la entidad.<\/p>\n\n\n\n<p>Cada binomio presidencial tiene asignado un l\u00edmite de gasto electoral que \u00abrepresenta el m\u00e1ximo que las organizaciones pol\u00edticas pueden gastar en: eventos, m\u00edtines, reuniones, murales y art\u00edculos promocionales de campa\u00f1a, mientras que est\u00e1 prohibida la entrega de donaciones, d\u00e1divas o regalos a la ciudadan\u00eda\u00bb.<\/p>\n\n\n\n<p>Tambi\u00e9n se\u00f1al\u00f3 que durante la campa\u00f1a electoral no est\u00e1 permitida la difusi\u00f3n de material comunicacional de contenido relacionado a violencia, discriminaci\u00f3n, racismo, toxicoman\u00eda, sexismo, intolerancia religiosa, pol\u00edtica, utilizaci\u00f3n de ni\u00f1as, ni\u00f1os o adolescentes y toda acci\u00f3n que atente contra los derechos. Adem\u00e1s, expuso que el silencio electoral regir\u00e1 a partir del viernes 13 hasta el domingo 15 de octubre.<\/p>\n\n\n\n<p>\u00abDe esta manera el CNE garantiza el pleno ejercicio de participaci\u00f3n de las y los ecuatorianos, haciendo un llamado a las organizaciones pol\u00edticas para que cumplan con una campa\u00f1a transparente y de respeto mutuo\u00bb.<\/p>\n\n\n\n<div class=\"wp-block-essential-blocks-social\"><div class=\"eb-parent-wrapper eb-parent-eb-social-links-rzkf9ov \"><div class=\"eb-social-links-rzkf9ov eb-social-links-wrapper\"><ul class=\"eb-socials\"><li><a class=\"facebook-f-original  \" href=\"\/\/www.facebook.com\/YoSoyElMercurio\/?locale=es_LA\" target=\"_blank\" rel=\"noopener\"><i class=\"hvr-icon eb-social-icon fab fa-facebook-f\"><\/i><\/a><\/li><li><a class=\"twitter-original  \" href=\"\/\/twitter.com\/elmercuriomanta\" target=\"_blank\" rel=\"noopener\"><i class=\"hvr-icon eb-social-icon fab fa-twitter\"><\/i><\/a><\/li><li><a class=\"instagram-original  \" href=\"\/\/www.instagram.com\/elmercuriomanta\/?hl=es\" target=\"_blank\" rel=\"noopener\"><i class=\"hvr-icon eb-social-icon fab fa-instagram\"><\/i><\/a><\/li><\/ul><\/div><\/div><\/div>\n","protected":false},"excerpt":{"rendered":"<p>El Consejo Nacional Electoral inform\u00f3 que este domingo 24 de septiembre se inicia la campa\u00f1a electoral para la segunda vuelta de las Elecciones Anticipadas y finalizar\u00e1 el jueves 12 de octubre de 2023. \u00abDurante este periodo, podr\u00e1n hacer uso del Fondo de Promoci\u00f3n Electoral para la Segunda Vuelta y difundir sus propuestas en prensa escrita, radio, televisi\u00f3n, vallas publicitarias y medios digitales de forma equitativa e igualitaria\u00bb, explic\u00f3 la entidad.<\/p>\n","protected":false},"author":1,"featured_media":6148,"comment_status":"open","ping_status":"open","sticky":false,"template":"","format":"standard","meta":{"footnotes":""},"categories":[19],"tags":[],"class_list":["post-6147","post","type-post","status-publish","format-standard","has-post-thumbnail","hentry","category-portada-1"],"_links":{"self":[{"href":"https:\/\/elmercuriomanta.ec\/index.php\/wp-json\/wp\/v2\/posts\/6147","targetHints":{"allow":["GET"]}}],"collection":[{"href":"https:\/\/elmercuriomanta.ec\/index.php\/wp-json\/wp\/v2\/posts"}],"about":[{"href":"https:\/\/elmercuriomanta.ec\/index.php\/wp-json\/wp\/v2\/types\/post"}],"author":[{"embeddable":true,"href":"https:\/\/elmercuriomanta.ec\/index.php\/wp-json\/wp\/v2\/users\/1"}],"replies":[{"embeddable":true,"href":"https:\/\/elmercuriomanta.ec\/index.php\/wp-json\/wp\/v2\/comments?post=6147"}],"version-history":[{"count":1,"href":"https:\/\/elmercuriomanta.ec\/index.php\/wp-json\/wp\/v2\/posts\/6147\/revisions"}],"predecessor-version":[{"id":6149,"href":"https:\/\/elmercuriomanta.ec\/index.php\/wp-json\/wp\/v2\/posts\/6147\/revisions\/6149"}],"wp:featuredmedia":[{"embeddable":true,"href":"https:\/\/elmercuriomanta.ec\/index.php\/wp-json\/wp\/v2\/media\/6148"}],"wp:attachment":[{"href":"https:\/\/elmercuriomanta.ec\/index.php\/wp-json\/wp\/v2\/media?parent=6147"}],"wp:term":[{"taxonomy":"category","embeddable":true,"href":"https:\/\/elmercuriomanta.ec\/index.php\/wp-json\/wp\/v2\/categories?post=6147"},{"taxonomy":"post_tag","embeddable":true,"href":"https:\/\/elmercuriomanta.ec\/index.php\/wp-json\/wp\/v2\/tags?post=6147"}],"curies":[{"name":"wp","href":"https:\/\/api.w.org\/{rel}","templated":true}]}}