{"id":61261,"date":"2026-02-28T11:56:36","date_gmt":"2026-02-28T16:56:36","guid":{"rendered":"https:\/\/elmercuriomanta.ec\/?p=61261"},"modified":"2026-02-28T11:56:36","modified_gmt":"2026-02-28T16:56:36","slug":"presidente-daniel-noboa-respalda-a-fuerzas-armadas-en-el-aniversario-del-ejercito","status":"publish","type":"post","link":"https:\/\/elmercuriomanta.ec\/index.php\/2026\/02\/28\/presidente-daniel-noboa-respalda-a-fuerzas-armadas-en-el-aniversario-del-ejercito\/","title":{"rendered":"PRESIDENTE DANIEL NOBOA RESPALDA A FUERZAS ARMADAS EN EL ANIVERSARIO DEL EJ\u00c9RCITO"},"content":{"rendered":"\n<figure class=\"wp-block-image aligncenter size-large is-resized\"><img fetchpriority=\"high\" decoding=\"async\" width=\"1024\" height=\"691\" src=\"https:\/\/elmercuriomanta.ec\/wp-content\/uploads\/2026\/02\/image-273-1024x691.png\" alt=\"\" class=\"wp-image-61262\" style=\"width:404px;height:auto\" srcset=\"https:\/\/elmercuriomanta.ec\/wp-content\/uploads\/2026\/02\/image-273-1024x691.png 1024w, https:\/\/elmercuriomanta.ec\/wp-content\/uploads\/2026\/02\/image-273-300x203.png 300w, https:\/\/elmercuriomanta.ec\/wp-content\/uploads\/2026\/02\/image-273-768x518.png 768w, https:\/\/elmercuriomanta.ec\/wp-content\/uploads\/2026\/02\/image-273.png 1200w\" sizes=\"(max-width: 1024px) 100vw, 1024px\" \/><\/figure>\n\n\n\n<p>En el evento por los 197 a\u00f1os del Ej\u00e9rcito Ecuatoriano y la Batalla de Tarqui, el presidente Daniel Noboa brind\u00f3 un discurso de respaldo absoluto a la instituci\u00f3n. Noboa traz\u00f3 un paralelo hist\u00f3rico: \u00abAyer lo hicieron para proteger nuestra frontera, hoy lo hacen para rescatar al pa\u00eds de las garras del terrorismo\u00bb, destacando el rol de las FF.AA. contra estructuras criminales El mandatario enfatiz\u00f3 su apoyo irrestricto:<\/p>\n\n\n\n<p>\u00abNuestra confianza y respaldo para las Fuerzas Armadas es absoluto. Prefiero que me ataquen a m\u00ed antes que a nuestras gloriosas FF.AA.\u00bb. Adem\u00e1s, anunci\u00f3 inversi\u00f3n en armamento, tecnolog\u00eda y formaci\u00f3n de \u00e9lite, en el marco del conflicto armado interno vigente. El discurso se da en medio de la crisis de seguridad que enfrenta Ecuador por el crimen organizado, donde la estrategia gubernamental de militarizaci\u00f3n genera respaldo ciudadano pero tambi\u00e9n cr\u00edticas de derechos humanos.<\/p>\n","protected":false},"excerpt":{"rendered":"<p>En el evento por los 197 a\u00f1os del Ej\u00e9rcito Ecuatoriano y la Batalla de Tarqui, el presidente Daniel Noboa brind\u00f3 un discurso de respaldo absoluto a la instituci\u00f3n. Noboa traz\u00f3 un paralelo hist\u00f3rico: \u00abAyer lo hicieron para proteger nuestra frontera, hoy lo hacen para rescatar al pa\u00eds de las garras del terrorismo\u00bb, destacando el rol de las FF.AA. contra estructuras criminales El mandatario enfatiz\u00f3 su apoyo irrestricto:<\/p>\n<p>\u00abNuestra confianza y respaldo para las Fuerzas Armadas es absoluto. Prefiero que me ataquen a m\u00ed antes que a nuestras gloriosas FF.AA.\u00bb. Adem\u00e1s, anunci\u00f3 inversi\u00f3n en armamento, tecnolog\u00eda y formaci\u00f3n de \u00e9lite, en el marco del conflicto armado interno vigente. El discurso se da en medio de la crisis de seguridad que enfrenta Ecuador por el crimen organizado, donde la estrategia gubernamental de militarizaci\u00f3n genera respaldo ciudadano pero tambi\u00e9n cr\u00edticas de derechos humanos.<\/p>\n","protected":false},"author":12,"featured_media":61262,"comment_status":"open","ping_status":"open","sticky":false,"template":"","format":"standard","meta":{"footnotes":""},"categories":[1],"tags":[23],"class_list":["post-61261","post","type-post","status-publish","format-standard","has-post-thumbnail","hentry","category-uncategorized","tag-ecuador"],"_links":{"self":[{"href":"https:\/\/elmercuriomanta.ec\/index.php\/wp-json\/wp\/v2\/posts\/61261","targetHints":{"allow":["GET"]}}],"collection":[{"href":"https:\/\/elmercuriomanta.ec\/index.php\/wp-json\/wp\/v2\/posts"}],"about":[{"href":"https:\/\/elmercuriomanta.ec\/index.php\/wp-json\/wp\/v2\/types\/post"}],"author":[{"embeddable":true,"href":"https:\/\/elmercuriomanta.ec\/index.php\/wp-json\/wp\/v2\/users\/12"}],"replies":[{"embeddable":true,"href":"https:\/\/elmercuriomanta.ec\/index.php\/wp-json\/wp\/v2\/comments?post=61261"}],"version-history":[{"count":1,"href":"https:\/\/elmercuriomanta.ec\/index.php\/wp-json\/wp\/v2\/posts\/61261\/revisions"}],"predecessor-version":[{"id":61263,"href":"https:\/\/elmercuriomanta.ec\/index.php\/wp-json\/wp\/v2\/posts\/61261\/revisions\/61263"}],"wp:featuredmedia":[{"embeddable":true,"href":"https:\/\/elmercuriomanta.ec\/index.php\/wp-json\/wp\/v2\/media\/61262"}],"wp:attachment":[{"href":"https:\/\/elmercuriomanta.ec\/index.php\/wp-json\/wp\/v2\/media?parent=61261"}],"wp:term":[{"taxonomy":"category","embeddable":true,"href":"https:\/\/elmercuriomanta.ec\/index.php\/wp-json\/wp\/v2\/categories?post=61261"},{"taxonomy":"post_tag","embeddable":true,"href":"https:\/\/elmercuriomanta.ec\/index.php\/wp-json\/wp\/v2\/tags?post=61261"}],"curies":[{"name":"wp","href":"https:\/\/api.w.org\/{rel}","templated":true}]}}