{"id":60852,"date":"2026-02-20T10:23:47","date_gmt":"2026-02-20T15:23:47","guid":{"rendered":"https:\/\/elmercuriomanta.ec\/?p=60852"},"modified":"2026-02-20T10:31:33","modified_gmt":"2026-02-20T15:31:33","slug":"lluvias-en-ecuador-al-menos-tres-fallecidos-y-mas-de-5-700-personas-afectadas","status":"publish","type":"post","link":"https:\/\/elmercuriomanta.ec\/index.php\/2026\/02\/20\/lluvias-en-ecuador-al-menos-tres-fallecidos-y-mas-de-5-700-personas-afectadas\/","title":{"rendered":"LLUVIAS EN ECUADOR: AL MENOS TRES FALLECIDOS Y M\u00c1S DE 5.700 PERSONAS AFECTADAS"},"content":{"rendered":"\n<figure class=\"wp-block-image size-large\"><img fetchpriority=\"high\" decoding=\"async\" width=\"1024\" height=\"683\" src=\"https:\/\/elmercuriomanta.ec\/wp-content\/uploads\/2026\/02\/LLUVIAS-1-1024x683.png\" alt=\"\" class=\"wp-image-60855\" srcset=\"https:\/\/elmercuriomanta.ec\/wp-content\/uploads\/2026\/02\/LLUVIAS-1-1024x683.png 1024w, https:\/\/elmercuriomanta.ec\/wp-content\/uploads\/2026\/02\/LLUVIAS-1-300x200.png 300w, https:\/\/elmercuriomanta.ec\/wp-content\/uploads\/2026\/02\/LLUVIAS-1-768x512.png 768w, https:\/\/elmercuriomanta.ec\/wp-content\/uploads\/2026\/02\/LLUVIAS-1.png 1536w\" sizes=\"(max-width: 1024px) 100vw, 1024px\" \/><\/figure>\n\n\n\n<p>Las intensas lluvias registradas desde inicios de 2026 han dejado fuertes estragos. Hasta el 19 de febrero, se reportan tres personas fallecidas, 12 heridas y m\u00e1s de 5.700 personas impactadas, seg\u00fan la Secretar\u00eda Nacional de Gesti\u00f3n de Riesgos (SNGR). Entre el 1 de enero y el 19 de febrero de 2026 se han registrado 797 eventos adversos por lluvias en 23 provincias del pa\u00eds, con especial incidencia en zonas de la Costa y la Amazon\u00eda. Los fen\u00f3menos m\u00e1s frecuentes han sido deslizamientos (40 %), inundaciones (35 %) y lluvias intensas, que han afectado a comunidades urbanas y rurales. En relaci\u00f3n a los fallecidos, los hechos se han producido a causa de deslizamientos de tierra en las provincias de Cotopaxi, Chimborazo y Azuay. Entre las v\u00edctimas se encuentran un menor de edad y dos adultos mayores, cuyos fallecimientos se produjeron tras el colapso de viviendas o mientras realizaban labores agr\u00edcolas. Adem\u00e1s, 12 personas resultaron Redacci\u00f3n, EM.- Manta, 18 de febrero del 2026\u2013 La C\u00e1mara Empresarial de Manta (CAEM), instituci\u00f3n referente del desarrollo productivo de la ciudad, anuncia oficialmente el inicio de su proceso de elecciones institucionales. De conformidad con sus estatutos, la CAEM convoca a todos sus socios a lla Asamblea General Ordinaria que se llevar\u00e1 a cabo el pr\u00f3ximo lunes 03 de marzo de 2026 a las 18:00, bajo la modalidad virtual. Durante esta jornada democr\u00e1tica, el gremio elegir\u00e1 a los 8 Miembros Principales y 8 Miembros Alternos que conformar\u00e1n el Directorio para el periodo 2026-2030. La Directora Ejecutiva de la instituci\u00f3n destac\u00f3 que este proceso busca fortalecer la unidad del sector empresarial y garantizar la continuidad de los proyectos estrat\u00e9gicos que impulsan la econom\u00eda local. heridas en distintos eventos relacionados con la temporada invernal. En total, 5.787 personas han sido afectadas, de las cuales 4.794 fueron afectadas y 993 quedaron damnificadas, obligadas a abandonar sus hogares o a enfrentar p\u00e9rdidas materiales severas. Las provincias con mayor n\u00famero de personas impactadas son Esmeraldas, El Oro, Guayas, Los R\u00edos y Zamora Chinchipe. El \u00faltimo reporte la SNGR se\u00f1ala que 1.729 viviendas fueron afectadas y 30 destruidas, as\u00ed como da\u00f1os en puentes, v\u00edas, centros de salud y unidades educativas, lo que ha complicado la movilidad y el acceso a servicios esenciales en varias localidades. Frente a este escenario, contin\u00faan activados comit\u00e9s de operaciones de emergencia (COE) en distintos niveles y se mantiene la entrega de ayuda humanitaria a las familias afectadas. Las autoridades advierten que febrero concentra el mayor impacto de la temporada invernal, tanto en n\u00famero de eventos como en poblaci\u00f3n afectada.<\/p>\n","protected":false},"excerpt":{"rendered":"<p>Las intensas lluvias registradas desde inicios de 2026 han dejado fuertes estragos. Hasta el 19 de febrero, se reportan tres personas fallecidas, 12 heridas y m\u00e1s de 5.700 personas impactadas, seg\u00fan la Secretar\u00eda Nacional de Gesti\u00f3n de Riesgos (SNGR). Entre el 1 de enero y el 19 de febrero de 2026 se han registrado 797 [&hellip;]<\/p>\n","protected":false},"author":14,"featured_media":60853,"comment_status":"open","ping_status":"open","sticky":false,"template":"","format":"standard","meta":{"footnotes":""},"categories":[106,21,105,54],"tags":[],"class_list":["post-60852","post","type-post","status-publish","format-standard","has-post-thumbnail","hentry","category-nacionales","category-noticia-del-dia","category-noticias","category-politica"],"_links":{"self":[{"href":"https:\/\/elmercuriomanta.ec\/index.php\/wp-json\/wp\/v2\/posts\/60852","targetHints":{"allow":["GET"]}}],"collection":[{"href":"https:\/\/elmercuriomanta.ec\/index.php\/wp-json\/wp\/v2\/posts"}],"about":[{"href":"https:\/\/elmercuriomanta.ec\/index.php\/wp-json\/wp\/v2\/types\/post"}],"author":[{"embeddable":true,"href":"https:\/\/elmercuriomanta.ec\/index.php\/wp-json\/wp\/v2\/users\/14"}],"replies":[{"embeddable":true,"href":"https:\/\/elmercuriomanta.ec\/index.php\/wp-json\/wp\/v2\/comments?post=60852"}],"version-history":[{"count":2,"href":"https:\/\/elmercuriomanta.ec\/index.php\/wp-json\/wp\/v2\/posts\/60852\/revisions"}],"predecessor-version":[{"id":60856,"href":"https:\/\/elmercuriomanta.ec\/index.php\/wp-json\/wp\/v2\/posts\/60852\/revisions\/60856"}],"wp:featuredmedia":[{"embeddable":true,"href":"https:\/\/elmercuriomanta.ec\/index.php\/wp-json\/wp\/v2\/media\/60853"}],"wp:attachment":[{"href":"https:\/\/elmercuriomanta.ec\/index.php\/wp-json\/wp\/v2\/media?parent=60852"}],"wp:term":[{"taxonomy":"category","embeddable":true,"href":"https:\/\/elmercuriomanta.ec\/index.php\/wp-json\/wp\/v2\/categories?post=60852"},{"taxonomy":"post_tag","embeddable":true,"href":"https:\/\/elmercuriomanta.ec\/index.php\/wp-json\/wp\/v2\/tags?post=60852"}],"curies":[{"name":"wp","href":"https:\/\/api.w.org\/{rel}","templated":true}]}}