{"id":59192,"date":"2026-01-18T10:12:03","date_gmt":"2026-01-18T15:12:03","guid":{"rendered":"https:\/\/elmercuriomanta.ec\/?p=59192"},"modified":"2026-01-18T10:12:03","modified_gmt":"2026-01-18T15:12:03","slug":"emergencia-en-defensa-e-interior-noboa-ordena-agilizar-compras-del-estado","status":"publish","type":"post","link":"https:\/\/elmercuriomanta.ec\/index.php\/2026\/01\/18\/emergencia-en-defensa-e-interior-noboa-ordena-agilizar-compras-del-estado\/","title":{"rendered":"EMERGENCIA EN DEFENSA E INTERIOR: NOBOA ORDENA AGILIZAR COMPRAS DEL ESTADO"},"content":{"rendered":"\n<figure class=\"wp-block-image aligncenter size-full is-resized\"><img fetchpriority=\"high\" decoding=\"async\" width=\"669\" height=\"409\" src=\"https:\/\/elmercuriomanta.ec\/wp-content\/uploads\/2026\/01\/image-220.png\" alt=\"\" class=\"wp-image-59193\" style=\"width:475px;height:auto\" srcset=\"https:\/\/elmercuriomanta.ec\/wp-content\/uploads\/2026\/01\/image-220.png 669w, https:\/\/elmercuriomanta.ec\/wp-content\/uploads\/2026\/01\/image-220-300x183.png 300w\" sizes=\"(max-width: 669px) 100vw, 669px\" \/><\/figure>\n\n\n\n<p>El presidente de la Rep\u00fablica, Daniel Noboa, firm\u00f3 el Decreto Ejecutivo No. 288, con el que dispuso que los ministerios del Interior y de Defensa Nacional analicen y, \u201cde ser procedente\u201d, declaren situaci\u00f3n de emergencia para adquirir bienes y servicios vinculados a la defensa, la protecci\u00f3n interna y el mantenimiento del orden p\u00fablico. El decreto se\u00f1ala que ambas carteras deber\u00e1n actuar de manera independiente y, de considerarlo necesario, emitir resoluciones motivadas bajo el marco de la Ley de Contrataci\u00f3n P\u00fablica y su reglamento.<\/p>\n\n\n\n<p>Adem\u00e1s, encarga la ejecuci\u00f3n del decreto en coordinaci\u00f3n con el Ministerio de Econom\u00eda y Finanzas y el SERCOP (Servicio Nacional de Contrataci\u00f3n P\u00fablica). En el documento se recuerda que, para contratar en emergencia, la m\u00e1xima autoridad de cada entidad debe emitir una resoluci\u00f3n no delegable y publicarla de inmediato en el portal de compras p\u00fablicas; adem\u00e1s, la declaratoria no puede durar m\u00e1s de 60 d\u00edas, con ampliaci\u00f3n solo en casos excepcionales. La decisi\u00f3n se da en medio del refuerzo operativo del Gobierno en varias provincias del pa\u00eds. La medida se enmarca en el despliegue de fuerzas y operativos anunciados por el Ejecutivo. De hecho, el Ministerio de Defensa inform\u00f3 sobre la movilizaci\u00f3n de cerca de 10.000 militares como parte de una ofensiva contra estructuras criminales.<\/p>\n","protected":false},"excerpt":{"rendered":"<p>El presidente de la Rep\u00fablica, Daniel Noboa, firm\u00f3 el Decreto Ejecutivo No. 288, con el que dispuso que los ministerios del Interior y de Defensa Nacional analicen y, \u201cde ser procedente\u201d, declaren situaci\u00f3n de emergencia para adquirir bienes y servicios vinculados a la defensa, la protecci\u00f3n interna y el mantenimiento del orden p\u00fablico. El decreto se\u00f1ala que ambas carteras deber\u00e1n actuar de manera independiente y, de considerarlo necesario, emitir resoluciones motivadas bajo el marco de la Ley de Contrataci\u00f3n P\u00fablica y su reglamento.<\/p>\n<p>Adem\u00e1s, encarga la ejecuci\u00f3n del decreto en coordinaci\u00f3n con el Ministerio de Econom\u00eda y Finanzas y el SERCOP (Servicio Nacional de Contrataci\u00f3n P\u00fablica). En el documento se recuerda que, para contratar en emergencia, la m\u00e1xima autoridad de cada entidad debe emitir una resoluci\u00f3n no delegable y publicarla de inmediato en el portal de compras p\u00fablicas; adem\u00e1s, la declaratoria no puede durar m\u00e1s de 60 d\u00edas, con ampliaci\u00f3n solo en casos excepcionales. La decisi\u00f3n se da en medio del refuerzo operativo del Gobierno en varias provincias del pa\u00eds. La medida se enmarca en el despliegue de fuerzas y operativos anunciados por el Ejecutivo. De hecho, el Ministerio de Defensa inform\u00f3 sobre la movilizaci\u00f3n de cerca de 10.000 militares como parte de una ofensiva contra estructuras criminales.<\/p>\n","protected":false},"author":12,"featured_media":59193,"comment_status":"open","ping_status":"open","sticky":false,"template":"","format":"standard","meta":{"footnotes":""},"categories":[1],"tags":[23],"class_list":["post-59192","post","type-post","status-publish","format-standard","has-post-thumbnail","hentry","category-uncategorized","tag-ecuador"],"_links":{"self":[{"href":"https:\/\/elmercuriomanta.ec\/index.php\/wp-json\/wp\/v2\/posts\/59192","targetHints":{"allow":["GET"]}}],"collection":[{"href":"https:\/\/elmercuriomanta.ec\/index.php\/wp-json\/wp\/v2\/posts"}],"about":[{"href":"https:\/\/elmercuriomanta.ec\/index.php\/wp-json\/wp\/v2\/types\/post"}],"author":[{"embeddable":true,"href":"https:\/\/elmercuriomanta.ec\/index.php\/wp-json\/wp\/v2\/users\/12"}],"replies":[{"embeddable":true,"href":"https:\/\/elmercuriomanta.ec\/index.php\/wp-json\/wp\/v2\/comments?post=59192"}],"version-history":[{"count":1,"href":"https:\/\/elmercuriomanta.ec\/index.php\/wp-json\/wp\/v2\/posts\/59192\/revisions"}],"predecessor-version":[{"id":59194,"href":"https:\/\/elmercuriomanta.ec\/index.php\/wp-json\/wp\/v2\/posts\/59192\/revisions\/59194"}],"wp:featuredmedia":[{"embeddable":true,"href":"https:\/\/elmercuriomanta.ec\/index.php\/wp-json\/wp\/v2\/media\/59193"}],"wp:attachment":[{"href":"https:\/\/elmercuriomanta.ec\/index.php\/wp-json\/wp\/v2\/media?parent=59192"}],"wp:term":[{"taxonomy":"category","embeddable":true,"href":"https:\/\/elmercuriomanta.ec\/index.php\/wp-json\/wp\/v2\/categories?post=59192"},{"taxonomy":"post_tag","embeddable":true,"href":"https:\/\/elmercuriomanta.ec\/index.php\/wp-json\/wp\/v2\/tags?post=59192"}],"curies":[{"name":"wp","href":"https:\/\/api.w.org\/{rel}","templated":true}]}}