{"id":58391,"date":"2026-01-04T14:14:04","date_gmt":"2026-01-04T19:14:04","guid":{"rendered":"https:\/\/elmercuriomanta.ec\/?p=58391"},"modified":"2026-01-04T14:14:04","modified_gmt":"2026-01-04T19:14:04","slug":"cancilleria-emite-comunicado-y-respalda-al-pueblo-venezolano-para-recuperar-la-democracia","status":"publish","type":"post","link":"https:\/\/elmercuriomanta.ec\/index.php\/2026\/01\/04\/cancilleria-emite-comunicado-y-respalda-al-pueblo-venezolano-para-recuperar-la-democracia\/","title":{"rendered":"CANCILLER\u00cdA EMITE COMUNICADO Y RESPALDA AL PUEBLO VENEZOLANO \u201cPARA RECUPERAR LA DEMOCRACIA\u201d"},"content":{"rendered":"\n<figure class=\"wp-block-image aligncenter size-large is-resized\"><img fetchpriority=\"high\" decoding=\"async\" width=\"1024\" height=\"691\" src=\"https:\/\/elmercuriomanta.ec\/wp-content\/uploads\/2026\/01\/image-36-1024x691.png\" alt=\"\" class=\"wp-image-58392\" style=\"width:391px;height:auto\" srcset=\"https:\/\/elmercuriomanta.ec\/wp-content\/uploads\/2026\/01\/image-36-1024x691.png 1024w, https:\/\/elmercuriomanta.ec\/wp-content\/uploads\/2026\/01\/image-36-300x203.png 300w, https:\/\/elmercuriomanta.ec\/wp-content\/uploads\/2026\/01\/image-36-768x518.png 768w, https:\/\/elmercuriomanta.ec\/wp-content\/uploads\/2026\/01\/image-36.png 1200w\" sizes=\"(max-width: 1024px) 100vw, 1024px\" \/><\/figure>\n\n\n\n<p>El Ministerio de Relaciones Exteriores y Movilidad Humana difundi\u00f3 este s\u00e1bado un comunicado oficial en el que afirma que Ecuador apoya al pueblo de Venezuela en el proceso para \u201crecuperar la democracia\u201d, tras los hechos ocurridos en ese pa\u00eds durante la madrugada. En el pronunciamiento, la Canciller\u00eda se\u00f1ala que Ecuador valora acciones que permitan a los venezolanos retomar la institucionalidad democr\u00e1tica y el Estado de Derecho, con miras a un futuro de paz, respeto a los derechos humanos, desarrollo y prosperidad.<\/p>\n\n\n\n<p>Adem\u00e1s, expresa su expectativa de una pronta reinserci\u00f3n de Venezuela entre las \u201cdemocracias plenas\u201d de la regi\u00f3n, con el ejercicio del mandato constitucional de las autoridades leg\u00edtimamente electas en 2024. El documento tambi\u00e9n vincula la coyuntura venezolana con la agenda de seguridad regional. El Gobierno ecuatoriano manifiesta su apoyo a la lucha para desterrar el crimen organizado transnacional y el narcoterrorismo, y acusa al r\u00e9gimen de Nicol\u00e1s Maduro de atentar contra la democracia y vulnerar derechos humanos.<\/p>\n","protected":false},"excerpt":{"rendered":"<p>El Ministerio de Relaciones Exteriores y Movilidad Humana difundi\u00f3 este s\u00e1bado un comunicado oficial en el que afirma que Ecuador apoya al pueblo de Venezuela en el proceso para \u201crecuperar la democracia\u201d, tras los hechos ocurridos en ese pa\u00eds durante la madrugada. En el pronunciamiento, la Canciller\u00eda se\u00f1ala que Ecuador valora acciones que permitan a los venezolanos retomar la institucionalidad democr\u00e1tica y el Estado de Derecho, con miras a un futuro de paz, respeto a los derechos humanos, desarrollo y prosperidad.<\/p>\n<p>Adem\u00e1s, expresa su expectativa de una pronta reinserci\u00f3n de Venezuela entre las \u201cdemocracias plenas\u201d de la regi\u00f3n, con el ejercicio del mandato constitucional de las autoridades leg\u00edtimamente electas en 2024. El documento tambi\u00e9n vincula la coyuntura venezolana con la agenda de seguridad regional. El Gobierno ecuatoriano manifiesta su apoyo a la lucha para desterrar el crimen organizado transnacional y el narcoterrorismo, y acusa al r\u00e9gimen de Nicol\u00e1s Maduro de atentar contra la democracia y vulnerar derechos humanos.<\/p>\n","protected":false},"author":12,"featured_media":58392,"comment_status":"open","ping_status":"open","sticky":false,"template":"","format":"standard","meta":{"footnotes":""},"categories":[106],"tags":[],"class_list":["post-58391","post","type-post","status-publish","format-standard","has-post-thumbnail","hentry","category-nacionales"],"_links":{"self":[{"href":"https:\/\/elmercuriomanta.ec\/index.php\/wp-json\/wp\/v2\/posts\/58391","targetHints":{"allow":["GET"]}}],"collection":[{"href":"https:\/\/elmercuriomanta.ec\/index.php\/wp-json\/wp\/v2\/posts"}],"about":[{"href":"https:\/\/elmercuriomanta.ec\/index.php\/wp-json\/wp\/v2\/types\/post"}],"author":[{"embeddable":true,"href":"https:\/\/elmercuriomanta.ec\/index.php\/wp-json\/wp\/v2\/users\/12"}],"replies":[{"embeddable":true,"href":"https:\/\/elmercuriomanta.ec\/index.php\/wp-json\/wp\/v2\/comments?post=58391"}],"version-history":[{"count":1,"href":"https:\/\/elmercuriomanta.ec\/index.php\/wp-json\/wp\/v2\/posts\/58391\/revisions"}],"predecessor-version":[{"id":58393,"href":"https:\/\/elmercuriomanta.ec\/index.php\/wp-json\/wp\/v2\/posts\/58391\/revisions\/58393"}],"wp:featuredmedia":[{"embeddable":true,"href":"https:\/\/elmercuriomanta.ec\/index.php\/wp-json\/wp\/v2\/media\/58392"}],"wp:attachment":[{"href":"https:\/\/elmercuriomanta.ec\/index.php\/wp-json\/wp\/v2\/media?parent=58391"}],"wp:term":[{"taxonomy":"category","embeddable":true,"href":"https:\/\/elmercuriomanta.ec\/index.php\/wp-json\/wp\/v2\/categories?post=58391"},{"taxonomy":"post_tag","embeddable":true,"href":"https:\/\/elmercuriomanta.ec\/index.php\/wp-json\/wp\/v2\/tags?post=58391"}],"curies":[{"name":"wp","href":"https:\/\/api.w.org\/{rel}","templated":true}]}}