{"id":57686,"date":"2025-12-20T14:51:34","date_gmt":"2025-12-20T19:51:34","guid":{"rendered":"https:\/\/elmercuriomanta.ec\/?p=57686"},"modified":"2025-12-20T14:51:34","modified_gmt":"2025-12-20T19:51:34","slug":"gobierno-anuncia-construccion-de-nuevo-centro-penitenciario","status":"publish","type":"post","link":"https:\/\/elmercuriomanta.ec\/index.php\/2025\/12\/20\/gobierno-anuncia-construccion-de-nuevo-centro-penitenciario\/","title":{"rendered":"Gobierno Anuncia Construcci\u00f3n de Nuevo Centro Penitenciario"},"content":{"rendered":"\n<figure class=\"wp-block-image aligncenter size-large is-resized\"><img fetchpriority=\"high\" decoding=\"async\" width=\"1024\" height=\"682\" src=\"https:\/\/elmercuriomanta.ec\/wp-content\/uploads\/2025\/12\/image-269-1024x682.png\" alt=\"\" class=\"wp-image-57687\" style=\"width:430px;height:auto\" srcset=\"https:\/\/elmercuriomanta.ec\/wp-content\/uploads\/2025\/12\/image-269-1024x682.png 1024w, https:\/\/elmercuriomanta.ec\/wp-content\/uploads\/2025\/12\/image-269-300x200.png 300w, https:\/\/elmercuriomanta.ec\/wp-content\/uploads\/2025\/12\/image-269-768x512.png 768w, https:\/\/elmercuriomanta.ec\/wp-content\/uploads\/2025\/12\/image-269.png 1280w\" sizes=\"(max-width: 1024px) 100vw, 1024px\" \/><\/figure>\n\n\n\n<p>En una entrevista con RTS, el ministro del Interior, John Reimberg se refiri\u00f3 a la situaci\u00f3n carcelaria en el pa\u00eds. El funcionario coment\u00f3 que al momento 659 PPL, considerados de alto riesgo se encuentran en la c\u00e1rcel del Encuentro, en la provincia de Santa Elena. &nbsp;Reimberg admiti\u00f3 que el sistema carcelario enfrenta \u201cproblemas estructurales\u201d sobre todo en la Penitenciar\u00eda del Litoral. \u201cTenemos un problema, s\u00ed, que lo estamos combatiendo tambi\u00e9n.<\/p>\n\n\n\n<p>No tenemos espacio adecuado para poderlo hacer dentro del sistema penitenciario, pero estamos trabajando para tomar las acciones pertinentes\u201c, &nbsp;dijo. Entre ellas, destac\u00f3 la construcci\u00f3n de un nuevo centro penitenciario con capacidad para 15.120 personas, lo que equivaldr\u00eda a casi el 50 % de la poblaci\u00f3n carcelaria actual y permitir\u00eda reducir la presi\u00f3n sobre las c\u00e1rceles existentes.<\/p>\n","protected":false},"excerpt":{"rendered":"<p>En una entrevista con RTS, el ministro del Interior, John Reimberg se refiri\u00f3 a la situaci\u00f3n carcelaria en el pa\u00eds. El funcionario coment\u00f3 que al momento 659 PPL, considerados de alto riesgo se encuentran en la c\u00e1rcel del Encuentro, en la provincia de Santa Elena. \u00a0Reimberg admiti\u00f3 que el sistema carcelario enfrenta \u201cproblemas estructurales\u201d sobre todo en la Penitenciar\u00eda del Litoral. \u201cTenemos un problema, s\u00ed, que lo estamos combatiendo tambi\u00e9n.<\/p>\n<p>No tenemos espacio adecuado para poderlo hacer dentro del sistema penitenciario, pero estamos trabajando para tomar las acciones pertinentes\u201c, \u00a0dijo. Entre ellas, destac\u00f3 la construcci\u00f3n de un nuevo centro penitenciario con capacidad para 15.120 personas, lo que equivaldr\u00eda a casi el 50 % de la poblaci\u00f3n carcelaria actual y permitir\u00eda reducir la presi\u00f3n sobre las c\u00e1rceles existentes.<\/p>\n","protected":false},"author":12,"featured_media":57687,"comment_status":"open","ping_status":"open","sticky":false,"template":"","format":"standard","meta":{"footnotes":""},"categories":[106],"tags":[],"class_list":["post-57686","post","type-post","status-publish","format-standard","has-post-thumbnail","hentry","category-nacionales"],"_links":{"self":[{"href":"https:\/\/elmercuriomanta.ec\/index.php\/wp-json\/wp\/v2\/posts\/57686","targetHints":{"allow":["GET"]}}],"collection":[{"href":"https:\/\/elmercuriomanta.ec\/index.php\/wp-json\/wp\/v2\/posts"}],"about":[{"href":"https:\/\/elmercuriomanta.ec\/index.php\/wp-json\/wp\/v2\/types\/post"}],"author":[{"embeddable":true,"href":"https:\/\/elmercuriomanta.ec\/index.php\/wp-json\/wp\/v2\/users\/12"}],"replies":[{"embeddable":true,"href":"https:\/\/elmercuriomanta.ec\/index.php\/wp-json\/wp\/v2\/comments?post=57686"}],"version-history":[{"count":1,"href":"https:\/\/elmercuriomanta.ec\/index.php\/wp-json\/wp\/v2\/posts\/57686\/revisions"}],"predecessor-version":[{"id":57688,"href":"https:\/\/elmercuriomanta.ec\/index.php\/wp-json\/wp\/v2\/posts\/57686\/revisions\/57688"}],"wp:featuredmedia":[{"embeddable":true,"href":"https:\/\/elmercuriomanta.ec\/index.php\/wp-json\/wp\/v2\/media\/57687"}],"wp:attachment":[{"href":"https:\/\/elmercuriomanta.ec\/index.php\/wp-json\/wp\/v2\/media?parent=57686"}],"wp:term":[{"taxonomy":"category","embeddable":true,"href":"https:\/\/elmercuriomanta.ec\/index.php\/wp-json\/wp\/v2\/categories?post=57686"},{"taxonomy":"post_tag","embeddable":true,"href":"https:\/\/elmercuriomanta.ec\/index.php\/wp-json\/wp\/v2\/tags?post=57686"}],"curies":[{"name":"wp","href":"https:\/\/api.w.org\/{rel}","templated":true}]}}