{"id":57371,"date":"2025-12-15T11:38:39","date_gmt":"2025-12-15T16:38:39","guid":{"rendered":"https:\/\/elmercuriomanta.ec\/?p=57371"},"modified":"2025-12-15T11:38:39","modified_gmt":"2025-12-15T16:38:39","slug":"ecuador-prohibe-exportar-semillas-opepas-de-tagua-po-r-cinco-anos","status":"publish","type":"post","link":"https:\/\/elmercuriomanta.ec\/index.php\/2025\/12\/15\/ecuador-prohibe-exportar-semillas-opepas-de-tagua-po-r-cinco-anos\/","title":{"rendered":"ECUADOR PROH\u00cdBE EXPORTAR SEMILLAS OPEPAS DE TAGUA PO R CINCO A\u00d1OS"},"content":{"rendered":"\n<figure class=\"wp-block-image size-full\"><img fetchpriority=\"high\" decoding=\"async\" width=\"780\" height=\"477\" src=\"https:\/\/elmercuriomanta.ec\/wp-content\/uploads\/2025\/12\/TAGUA.jpeg\" alt=\"\" class=\"wp-image-57372\" srcset=\"https:\/\/elmercuriomanta.ec\/wp-content\/uploads\/2025\/12\/TAGUA.jpeg 780w, https:\/\/elmercuriomanta.ec\/wp-content\/uploads\/2025\/12\/TAGUA-300x183.jpeg 300w, https:\/\/elmercuriomanta.ec\/wp-content\/uploads\/2025\/12\/TAGUA-768x470.jpeg 768w\" sizes=\"(max-width: 780px) 100vw, 780px\" \/><\/figure>\n\n\n\n<p>Redacci\u00f3n, EM.- La exportaci\u00f3n de semillas o pepas de tagua (Phytelephas spp.) desde Ecuador se encuentra prohibida desde el 10 de diciembre de 2025 por un per\u00edodo de cinco a\u00f1os. El Comit\u00e9 de Comercio Exterior (Comex) aprob\u00f3 una medida que proh\u00edbe sus env\u00edos al exterior de manera temporal, cinco a\u00f1os, con el objetivo de proteger el patrimonio gen\u00e9tico nacional, reforzar la conservaci\u00f3n de la especie y resguardar la cadena productiva ligada a la artesan\u00eda. La decisi\u00f3n fue adoptada por el Comex el 3 de diciembre de 2025 y entr\u00f3 en vigencia el 10 de diciembre de 2025, sin perjuicio de su publicaci\u00f3n en el Registro Oficial, detalla la resoluci\u00f3n 016- 2025. En el texto oficial se recoge que el Ministerio de Ambiente y Energ\u00eda plante\u00f3 la necesidad de prohibir la exportaci\u00f3n de semilla con embri\u00f3n para as\u00ed evitar la p\u00e9rdida de material gen\u00e9tico de Ecuador, adem\u00e1s de atender el impacto sobre artesanos y cosechadores vinculados a este recurso. PROHIBICI\u00d3N DE EXPORTAR TAGUA BAJO CUALQUIER R\u00c9GIMEN Y NUEVA SUBPARTIDA La prohibici\u00f3n de exportar semillas o pepas de tagua aplica bajo cualquier r\u00e9gimen de exportaci\u00f3n, incluidos los reg\u00edmenes de excepci\u00f3n, para el producto clasificado en la subpartida 1404.90.90.10, que fue incluida en el Arancel del Ecuador. Esta restricci\u00f3n, seg\u00fan los considerandos, fue solicitada de manera \u201curgente y emergente\u201d al Ministerio de Ambiente y Energ\u00eda por parte de la Asociaci\u00f3n de Proveedores (Asoproaratama). Este colectivo plante\u00f3 prohibir la exportaci\u00f3n en bruto de esta semilla para evitar, entre otros, que \u201cdecenas de talleres artesanales\u201d cierren afectando a \u201ccasi 1.000 artesanos y sus familias\u201d. Adem\u00e1s, el Comex precisa en su resoluci\u00f3n que la tagua est\u00e1 registrada en la Lista Roja de Palmas del Ecuador bajo la categor\u00eda de \u201cVulnerable\u201d (VU) y en la Lista Roja de la Uni\u00f3n Internacional para la Conservaci\u00f3n de la Naturaleza (UICN) bajo la categor\u00eda de \u201cCasi Amenazada\u201d (NT).<\/p>\n\n\n\n<p><\/p>\n","protected":false},"excerpt":{"rendered":"<p>Redacci\u00f3n, EM.- La exportaci\u00f3n de semillas o pepas de tagua (Phytelephas spp.) desde Ecuador se encuentra prohibida desde el 10 de diciembre de 2025 por un per\u00edodo de cinco a\u00f1os. El Comit\u00e9 de Comercio Exterior (Comex) aprob\u00f3 una medida que proh\u00edbe sus env\u00edos al exterior de manera temporal, cinco a\u00f1os, con el objetivo de proteger [&hellip;]<\/p>\n","protected":false},"author":14,"featured_media":57372,"comment_status":"open","ping_status":"open","sticky":false,"template":"","format":"standard","meta":{"footnotes":""},"categories":[106,105,19],"tags":[],"class_list":["post-57371","post","type-post","status-publish","format-standard","has-post-thumbnail","hentry","category-nacionales","category-noticias","category-portada-1"],"_links":{"self":[{"href":"https:\/\/elmercuriomanta.ec\/index.php\/wp-json\/wp\/v2\/posts\/57371","targetHints":{"allow":["GET"]}}],"collection":[{"href":"https:\/\/elmercuriomanta.ec\/index.php\/wp-json\/wp\/v2\/posts"}],"about":[{"href":"https:\/\/elmercuriomanta.ec\/index.php\/wp-json\/wp\/v2\/types\/post"}],"author":[{"embeddable":true,"href":"https:\/\/elmercuriomanta.ec\/index.php\/wp-json\/wp\/v2\/users\/14"}],"replies":[{"embeddable":true,"href":"https:\/\/elmercuriomanta.ec\/index.php\/wp-json\/wp\/v2\/comments?post=57371"}],"version-history":[{"count":1,"href":"https:\/\/elmercuriomanta.ec\/index.php\/wp-json\/wp\/v2\/posts\/57371\/revisions"}],"predecessor-version":[{"id":57373,"href":"https:\/\/elmercuriomanta.ec\/index.php\/wp-json\/wp\/v2\/posts\/57371\/revisions\/57373"}],"wp:featuredmedia":[{"embeddable":true,"href":"https:\/\/elmercuriomanta.ec\/index.php\/wp-json\/wp\/v2\/media\/57372"}],"wp:attachment":[{"href":"https:\/\/elmercuriomanta.ec\/index.php\/wp-json\/wp\/v2\/media?parent=57371"}],"wp:term":[{"taxonomy":"category","embeddable":true,"href":"https:\/\/elmercuriomanta.ec\/index.php\/wp-json\/wp\/v2\/categories?post=57371"},{"taxonomy":"post_tag","embeddable":true,"href":"https:\/\/elmercuriomanta.ec\/index.php\/wp-json\/wp\/v2\/tags?post=57371"}],"curies":[{"name":"wp","href":"https:\/\/api.w.org\/{rel}","templated":true}]}}