{"id":56750,"date":"2025-12-04T16:31:32","date_gmt":"2025-12-04T21:31:32","guid":{"rendered":"https:\/\/elmercuriomanta.ec\/?p=56750"},"modified":"2025-12-04T16:31:32","modified_gmt":"2025-12-04T21:31:32","slug":"le-pidieron-una-carrera-lo-golpearon-para-robarle-el-taxi-y-lo-dejaron-abandonado","status":"publish","type":"post","link":"https:\/\/elmercuriomanta.ec\/index.php\/2025\/12\/04\/le-pidieron-una-carrera-lo-golpearon-para-robarle-el-taxi-y-lo-dejaron-abandonado\/","title":{"rendered":"LE PIDIERON UNA CARRERA, LO GOLPEARON PARA ROBARLE EL TAXI Y LO DEJARON ABANDONADO"},"content":{"rendered":"\n<figure class=\"wp-block-image size-full\"><img fetchpriority=\"high\" decoding=\"async\" width=\"369\" height=\"249\" src=\"https:\/\/elmercuriomanta.ec\/wp-content\/uploads\/2025\/12\/image-53.png\" alt=\"\" class=\"wp-image-56759\" srcset=\"https:\/\/elmercuriomanta.ec\/wp-content\/uploads\/2025\/12\/image-53.png 369w, https:\/\/elmercuriomanta.ec\/wp-content\/uploads\/2025\/12\/image-53-300x202.png 300w\" sizes=\"(max-width: 369px) 100vw, 369px\" \/><\/figure>\n\n\n\n<p>En horas de la tarde del martes, a un conductor de taxi formal lo asaltaron, golpearon y abandonaron. El conductor fue interceptado por varios delincuentes que le solicitaron una carrera, lo agredieron f\u00edsicamente y lo despojaron del veh\u00edculo, abandon\u00e1ndolo luego en un \u00e1rea solitaria de la ciudad. El hecho ocurri\u00f3 aproximadamente a las 16:30 cuando el taxista acept\u00f3 una carrera solicitada por tres pasajeros en el centro de Manta. Una vez dentro del taxi, los sujetos lo obligaron bajo amenazas a dirigirse hacia las afueras de la urbe. En un sector despoblado, los delincuentes golpearon al conductor en la cabeza. Posteriormente lo bajaron del taxi y huyeron con la unidad, un autom\u00f3vil de color amarillo con rotulaci\u00f3n de la cooperativa Taxcium. ESTADO DE LA V\u00cdCTIMA El trabajador del transporte, cuya identidad se mantiene en reserva por seguridad, logr\u00f3 pedir ayuda a moradores del sector donde fue abandonado. Presentaba m\u00faltiples contusiones. A la v\u00edctima la traslad\u00f3 una unidad del Cuerpo de Bomberos de Manta al Hospital Rafael Rodr\u00edguez Zambrano, donde recibi\u00f3 atenci\u00f3n. Su estado de salud es estable. La Polic\u00eda Nacional activ\u00f3 de inmediato el c\u00f3digo del taxi robado en el sistema ECU-911 y despleg\u00f3 patrullas en las principales v\u00edas de salida de Manta y cantones vecinos. Hasta el momento no se ha localizado el taxi. El caso qued\u00f3 a cargo del eje de Investigaciones de Delitos Contra la Propiedad Edipro) del Distrito Manta. Seg\u00fan estad\u00edsticas de la Uni\u00f3n de Taxistas de Manab\u00ed, en lo que va de 2025 se han registrado 42 robos violentos a conductores de taxis en la provincia, de los cuales 28 ocurrieron en Manta. En 12 casos los veh\u00edculos fueron recuperados d\u00edas despu\u00e9s con placas adulteradas o desmantelados. El modo de operaci\u00f3n m\u00e1s recurrente es la solicitud de carreras hacia sectores perif\u00e9ricos o rurales, donde los delincuentes ejecutan el robo aprovechando la soledad de la v\u00eda.<\/p>\n","protected":false},"excerpt":{"rendered":"<p>En horas de la tarde del martes, a un conductor de taxi formal lo asaltaron, golpearon y abandonaron. El conductor fue interceptado por varios delincuentes que le solicitaron una carrera, lo agredieron f\u00edsicamente y lo despojaron del veh\u00edculo, abandon\u00e1ndolo luego en un \u00e1rea solitaria de la ciudad. El hecho ocurri\u00f3 aproximadamente a las 16:30 cuando [&hellip;]<\/p>\n","protected":false},"author":14,"featured_media":56759,"comment_status":"open","ping_status":"open","sticky":false,"template":"","format":"standard","meta":{"footnotes":""},"categories":[106,21,105,1],"tags":[],"class_list":["post-56750","post","type-post","status-publish","format-standard","has-post-thumbnail","hentry","category-nacionales","category-noticia-del-dia","category-noticias","category-uncategorized"],"_links":{"self":[{"href":"https:\/\/elmercuriomanta.ec\/index.php\/wp-json\/wp\/v2\/posts\/56750","targetHints":{"allow":["GET"]}}],"collection":[{"href":"https:\/\/elmercuriomanta.ec\/index.php\/wp-json\/wp\/v2\/posts"}],"about":[{"href":"https:\/\/elmercuriomanta.ec\/index.php\/wp-json\/wp\/v2\/types\/post"}],"author":[{"embeddable":true,"href":"https:\/\/elmercuriomanta.ec\/index.php\/wp-json\/wp\/v2\/users\/14"}],"replies":[{"embeddable":true,"href":"https:\/\/elmercuriomanta.ec\/index.php\/wp-json\/wp\/v2\/comments?post=56750"}],"version-history":[{"count":1,"href":"https:\/\/elmercuriomanta.ec\/index.php\/wp-json\/wp\/v2\/posts\/56750\/revisions"}],"predecessor-version":[{"id":56760,"href":"https:\/\/elmercuriomanta.ec\/index.php\/wp-json\/wp\/v2\/posts\/56750\/revisions\/56760"}],"wp:featuredmedia":[{"embeddable":true,"href":"https:\/\/elmercuriomanta.ec\/index.php\/wp-json\/wp\/v2\/media\/56759"}],"wp:attachment":[{"href":"https:\/\/elmercuriomanta.ec\/index.php\/wp-json\/wp\/v2\/media?parent=56750"}],"wp:term":[{"taxonomy":"category","embeddable":true,"href":"https:\/\/elmercuriomanta.ec\/index.php\/wp-json\/wp\/v2\/categories?post=56750"},{"taxonomy":"post_tag","embeddable":true,"href":"https:\/\/elmercuriomanta.ec\/index.php\/wp-json\/wp\/v2\/tags?post=56750"}],"curies":[{"name":"wp","href":"https:\/\/api.w.org\/{rel}","templated":true}]}}