{"id":5637,"date":"2023-09-20T21:18:07","date_gmt":"2023-09-21T02:18:07","guid":{"rendered":"https:\/\/elmercuriomanta.ec\/?p=5637"},"modified":"2023-09-21T09:46:11","modified_gmt":"2023-09-21T14:46:11","slug":"emelmanabi-es-beneficiada-con-obra-del-plan-legado","status":"publish","type":"post","link":"https:\/\/elmercuriomanta.ec\/index.php\/2023\/09\/20\/emelmanabi-es-beneficiada-con-obra-del-plan-legado\/","title":{"rendered":"Emelmanab\u00ed es beneficiada con obra del Plan Legado"},"content":{"rendered":"\n<figure class=\"wp-block-image aligncenter size-large is-resized\"><img fetchpriority=\"high\" decoding=\"async\" src=\"https:\/\/elmercuriomanta.ec\/wp-content\/uploads\/2023\/09\/image-157-1024x834.png\" alt=\"\" class=\"wp-image-5657\" style=\"width:366px;height:298px\" width=\"366\" height=\"298\" srcset=\"https:\/\/elmercuriomanta.ec\/wp-content\/uploads\/2023\/09\/image-157-1024x834.png 1024w, https:\/\/elmercuriomanta.ec\/wp-content\/uploads\/2023\/09\/image-157-300x244.png 300w, https:\/\/elmercuriomanta.ec\/wp-content\/uploads\/2023\/09\/image-157-768x626.png 768w, https:\/\/elmercuriomanta.ec\/wp-content\/uploads\/2023\/09\/image-157.png 1080w\" sizes=\"(max-width: 366px) 100vw, 366px\" \/><\/figure>\n\n\n\n<p>La ciudadela Emelmanab\u00ed es una de las beneficiadas en el Plan Legado de la ciudad de Manta, contar\u00e1 con las obras hidrosanitarias del plan que incluye a 90 barrios. Este sector pertenece a la parroquia Los Esteros. <\/p>\n\n\n\n<p><strong>Historia<\/strong><\/p>\n\n\n\n<p>Esta ciudadela fue creada y fundada para los empleados y trabajadores de la Empresa El\u00e9ctrica Cnel, por ello su nombre. Gracias a la gesti\u00f3n de la asociaci\u00f3n de trabajadores y del Abg. Gustavo Reyes, en el a\u00f1o 1994 se formaliz\u00f3 la ciudadela en los terrenos que anteriormente eran de los herederos Mendoza.<\/p>\n\n\n\n<p>En la ciudadela habitan alrededor de 70 familias, el barrio limita con la ciudadela 7 de Mayo, Floreana y Elegol\u00e9. Emelmanab\u00ed celebra sus festividades el 6 de diciembre de cada a\u00f1o, con varias actividades que cuentan con el auspicio del Municipio de Manta. Juan Mieles, presidente de Emelmanab\u00ed coment\u00f3 que lleva varios a\u00f1os dirigiendo el barrio. <\/p>\n\n\n\n<p><strong>Obras<\/strong><\/p>\n\n\n\n<p>En coordinaci\u00f3n con el Municipio de Manta, la ciudadela ha recibido varias obras para emergentes. El presidente dijo que se encuentra agradecido con Agust\u00edn Intriago(+) que desde que lleg\u00f3 al mandato, atendi\u00f3 el sector con calles, aceras y bordillos, adem\u00e1s, a\u00f1adi\u00f3 que con la actual administraci\u00f3n se encuentran trabajando en la ejecuci\u00f3n del Plan Legado, que beneficia al sector con la obra hidrosanitaria.<\/p>\n\n\n\n<p><strong>Pedidos de Emelmanab\u00ed<\/strong><\/p>\n\n\n\n<p>Los moradores de Emelmanab\u00ed piden la adecuaci\u00f3n de \u00e1reas verdes y un lugar que sea utilizado como sede comunal. Otro de los pedidos es la atenci\u00f3n del sector ante la inminente llegada del Fen\u00f3meno de El Ni\u00f1o, por el sector pasa una quebrada que perjudica con la acumulaci\u00f3n de agua. La ciudadela se encuentra ubicada cerca del r\u00edo Muerto.<\/p>\n\n\n\n<p>La contaminaci\u00f3n que causa una f\u00e1brica vecina del sector aqueja a los moradores, el presidente coment\u00f3 que se perciben malos olores, por lo que pide que las f\u00e1bricas sean reubicadas.<\/p>\n\n\n\n<div class=\"wp-block-essential-blocks-social\"><div class=\"eb-parent-wrapper eb-parent-eb-social-links-30eglzn \"><div class=\"eb-social-links-30eglzn eb-social-links-wrapper\"><ul class=\"eb-socials\"><li><a class=\"facebook-f-original  \" href=\"\/\/www.facebook.com\/YoSoyElMercurio\/?locale=es_LA\" target=\"_blank\" rel=\"noopener\"><i class=\"hvr-icon eb-social-icon fab fa-facebook-f\"><\/i><\/a><\/li><li><a class=\"twitter-original  \" href=\"\/\/twitter.com\/elmercuriomanta\" target=\"_blank\" rel=\"noopener\"><i class=\"hvr-icon eb-social-icon fab fa-twitter\"><\/i><\/a><\/li><li><a class=\"instagram-original  \" href=\"\/\/www.instagram.com\/elmercuriomanta\/?hl=es\" target=\"_blank\" rel=\"noopener\"><i class=\"hvr-icon eb-social-icon fab fa-instagram\"><\/i><\/a><\/li><\/ul><\/div><\/div><\/div>\n","protected":false},"excerpt":{"rendered":"<p>La ciudadela Emelmanab\u00ed es una de las beneficiadas en el Plan Legado de la ciudad de Manta, contar\u00e1 con las obras hidrosanitarias del plan que incluye a 90 barrios. Este sector pertenece a la parroquia Los Esteros. <\/p>\n","protected":false},"author":1,"featured_media":5657,"comment_status":"open","ping_status":"open","sticky":false,"template":"","format":"standard","meta":{"footnotes":""},"categories":[1],"tags":[87,86],"class_list":["post-5637","post","type-post","status-publish","format-standard","has-post-thumbnail","hentry","category-uncategorized","tag-el-mercurio-en-los-barrios","tag-en-tu-barrio"],"_links":{"self":[{"href":"https:\/\/elmercuriomanta.ec\/index.php\/wp-json\/wp\/v2\/posts\/5637","targetHints":{"allow":["GET"]}}],"collection":[{"href":"https:\/\/elmercuriomanta.ec\/index.php\/wp-json\/wp\/v2\/posts"}],"about":[{"href":"https:\/\/elmercuriomanta.ec\/index.php\/wp-json\/wp\/v2\/types\/post"}],"author":[{"embeddable":true,"href":"https:\/\/elmercuriomanta.ec\/index.php\/wp-json\/wp\/v2\/users\/1"}],"replies":[{"embeddable":true,"href":"https:\/\/elmercuriomanta.ec\/index.php\/wp-json\/wp\/v2\/comments?post=5637"}],"version-history":[{"count":3,"href":"https:\/\/elmercuriomanta.ec\/index.php\/wp-json\/wp\/v2\/posts\/5637\/revisions"}],"predecessor-version":[{"id":5941,"href":"https:\/\/elmercuriomanta.ec\/index.php\/wp-json\/wp\/v2\/posts\/5637\/revisions\/5941"}],"wp:featuredmedia":[{"embeddable":true,"href":"https:\/\/elmercuriomanta.ec\/index.php\/wp-json\/wp\/v2\/media\/5657"}],"wp:attachment":[{"href":"https:\/\/elmercuriomanta.ec\/index.php\/wp-json\/wp\/v2\/media?parent=5637"}],"wp:term":[{"taxonomy":"category","embeddable":true,"href":"https:\/\/elmercuriomanta.ec\/index.php\/wp-json\/wp\/v2\/categories?post=5637"},{"taxonomy":"post_tag","embeddable":true,"href":"https:\/\/elmercuriomanta.ec\/index.php\/wp-json\/wp\/v2\/tags?post=5637"}],"curies":[{"name":"wp","href":"https:\/\/api.w.org\/{rel}","templated":true}]}}