{"id":55989,"date":"2025-11-22T10:18:00","date_gmt":"2025-11-22T15:18:00","guid":{"rendered":"https:\/\/elmercuriomanta.ec\/?p=55989"},"modified":"2025-11-22T10:18:00","modified_gmt":"2025-11-22T15:18:00","slug":"tribunal-de-manta-condena-a-29-anos-de-prision-a-hombre-por-violar-a-sobrina-politica-de-11-anos","status":"publish","type":"post","link":"https:\/\/elmercuriomanta.ec\/index.php\/2025\/11\/22\/tribunal-de-manta-condena-a-29-anos-de-prision-a-hombre-por-violar-a-sobrina-politica-de-11-anos\/","title":{"rendered":"Tribunal de Manta Condena a 29 A\u00f1os de Prisi\u00f3n a Hombre por Violar a Sobrina Pol\u00edtica de 11 A\u00f1os"},"content":{"rendered":"\n<figure class=\"wp-block-image aligncenter size-full is-resized\"><img fetchpriority=\"high\" decoding=\"async\" width=\"286\" height=\"176\" src=\"https:\/\/elmercuriomanta.ec\/wp-content\/uploads\/2025\/11\/image-223.png\" alt=\"\" class=\"wp-image-55990\" style=\"width:438px;height:auto\"\/><\/figure>\n\n\n\n<p>El Tribunal de Garant\u00edas Penales de Manta declar\u00f3 culpable a Edgar Z., del delito de violaci\u00f3n con contra su sobrina pol\u00edtica de 11 a\u00f1os. Ocurri\u00f3 en julio de 2024 en Manta. Tras valorar las pruebas presentadas por la Fiscal\u00eda General del Estado, los jueces impusieron 29 a\u00f1os y 3 meses de pena privativa de libertad. Esta es la sanci\u00f3n m\u00e1s alta alcanzable al sumar agravantes tipificados en el art\u00edculo 171 del COIP. La v\u00edctima lleg\u00f3 desde Quito a pasar vacaciones con su padre en Manta. El d\u00eda del abuso, la t\u00eda paterna \u2013esposa del sentenciado\u2013 pidi\u00f3 que la menor permaneciera unas horas en su vivienda mientras realizaba diligencias. En ese intervalo, entre las 14:00 y las 17:00 aproximadamente del 12 de julio de 2024, Edgar Z., aprovech\u00f3 la confianza familiar y la ausencia de adultos para cometer la violaci\u00f3n.<\/p>\n\n\n\n<p>DENUNCIA INMEDIATA Y RESPUESTA INSTITUCIONAL Cinco d\u00edas despu\u00e9s, la menor reuni\u00f3 valor y relat\u00f3 los hechos a su padre. El progenitor acudi\u00f3 de inmediato a la Unidad de Violencia de G\u00e9nero de la Fiscal\u00eda de Manta y present\u00f3 la denuncia por violaci\u00f3n el 17 de julio de 2024. La instituci\u00f3n activ\u00f3 el protocolo especializado para delitos sexuales contra menores. A la menor le hicieron una valoraci\u00f3n m\u00e9dico-legal, c\u00e1mara de Gesell y pericia psicol\u00f3gica. Los ex\u00e1menes confirmaron desgarros recientes compatibles con violaci\u00f3n y un impacto emocional severo en la v\u00edctima.<\/p>\n\n\n\n<p>PRUEBAS DE LA ACUSACI\u00d3N POR VIOLACI\u00d3N Entre las pruebas presentadas en el juzgado est\u00e1 la pericia m\u00e9dico-legal que identifica lesiones en zona genital. Adem\u00e1s de, un informe psicol\u00f3gico, el testimonio anticipado de la v\u00edctima en el que relata que el agresor la amenaz\u00f3 con hacerle da\u00f1o a ella o a su familia si contaba lo sucedido. El padre de la ni\u00f1a tambi\u00e9n declar\u00f3 y ratific\u00f3 la relaci\u00f3n de parentesco: el procesado era cu\u00f1ado suyo y esposo de su hermana.<\/p>\n","protected":false},"excerpt":{"rendered":"<p>El Tribunal de Garant\u00edas Penales de Manta declar\u00f3 culpable a Edgar Z., del delito de violaci\u00f3n con contra su sobrina pol\u00edtica de 11 a\u00f1os. Ocurri\u00f3 en julio de 2024 en Manta. Tras valorar las pruebas presentadas por la Fiscal\u00eda General del Estado, los jueces impusieron 29 a\u00f1os y 3 meses de pena privativa de libertad. Esta es la sanci\u00f3n m\u00e1s alta alcanzable al sumar agravantes tipificados en el art\u00edculo 171 del COIP. La v\u00edctima lleg\u00f3 desde Quito a pasar vacaciones con su padre en Manta. El d\u00eda del abuso, la t\u00eda paterna \u2013esposa del sentenciado\u2013 pidi\u00f3 que la menor permaneciera unas horas en su vivienda mientras realizaba diligencias. En ese intervalo, entre las 14:00 y las 17:00 aproximadamente del 12 de julio de 2024, Edgar Z., aprovech\u00f3 la confianza familiar y la ausencia de adultos para cometer la violaci\u00f3n.<\/p>\n<p>DENUNCIA INMEDIATA Y RESPUESTA INSTITUCIONAL Cinco d\u00edas despu\u00e9s, la menor reuni\u00f3 valor y relat\u00f3 los hechos a su padre. El progenitor acudi\u00f3 de inmediato a la Unidad de Violencia de G\u00e9nero de la Fiscal\u00eda de Manta y present\u00f3 la denuncia por violaci\u00f3n el 17 de julio de 2024. La instituci\u00f3n activ\u00f3 el protocolo especializado para delitos sexuales contra menores. A la menor le hicieron una valoraci\u00f3n m\u00e9dico-legal, c\u00e1mara de Gesell y pericia psicol\u00f3gica. Los ex\u00e1menes confirmaron desgarros recientes compatibles con violaci\u00f3n y un impacto emocional severo en la v\u00edctima.<\/p>\n<p>PRUEBAS DE LA ACUSACI\u00d3N POR VIOLACI\u00d3N Entre las pruebas presentadas en el juzgado est\u00e1 la pericia m\u00e9dico-legal que identifica lesiones en zona genital. Adem\u00e1s de, un informe psicol\u00f3gico, el testimonio anticipado de la v\u00edctima en el que relata que el agresor la amenaz\u00f3 con hacerle da\u00f1o a ella o a su familia si contaba lo sucedido. El padre de la ni\u00f1a tambi\u00e9n declar\u00f3 y ratific\u00f3 la relaci\u00f3n de parentesco: el procesado era cu\u00f1ado suyo y esposo de su hermana.<\/p>\n","protected":false},"author":12,"featured_media":55990,"comment_status":"open","ping_status":"open","sticky":false,"template":"","format":"standard","meta":{"footnotes":""},"categories":[1],"tags":[38],"class_list":["post-55989","post","type-post","status-publish","format-standard","has-post-thumbnail","hentry","category-uncategorized","tag-manta"],"_links":{"self":[{"href":"https:\/\/elmercuriomanta.ec\/index.php\/wp-json\/wp\/v2\/posts\/55989","targetHints":{"allow":["GET"]}}],"collection":[{"href":"https:\/\/elmercuriomanta.ec\/index.php\/wp-json\/wp\/v2\/posts"}],"about":[{"href":"https:\/\/elmercuriomanta.ec\/index.php\/wp-json\/wp\/v2\/types\/post"}],"author":[{"embeddable":true,"href":"https:\/\/elmercuriomanta.ec\/index.php\/wp-json\/wp\/v2\/users\/12"}],"replies":[{"embeddable":true,"href":"https:\/\/elmercuriomanta.ec\/index.php\/wp-json\/wp\/v2\/comments?post=55989"}],"version-history":[{"count":1,"href":"https:\/\/elmercuriomanta.ec\/index.php\/wp-json\/wp\/v2\/posts\/55989\/revisions"}],"predecessor-version":[{"id":55991,"href":"https:\/\/elmercuriomanta.ec\/index.php\/wp-json\/wp\/v2\/posts\/55989\/revisions\/55991"}],"wp:featuredmedia":[{"embeddable":true,"href":"https:\/\/elmercuriomanta.ec\/index.php\/wp-json\/wp\/v2\/media\/55990"}],"wp:attachment":[{"href":"https:\/\/elmercuriomanta.ec\/index.php\/wp-json\/wp\/v2\/media?parent=55989"}],"wp:term":[{"taxonomy":"category","embeddable":true,"href":"https:\/\/elmercuriomanta.ec\/index.php\/wp-json\/wp\/v2\/categories?post=55989"},{"taxonomy":"post_tag","embeddable":true,"href":"https:\/\/elmercuriomanta.ec\/index.php\/wp-json\/wp\/v2\/tags?post=55989"}],"curies":[{"name":"wp","href":"https:\/\/api.w.org\/{rel}","templated":true}]}}