{"id":55593,"date":"2025-11-15T13:09:40","date_gmt":"2025-11-15T18:09:40","guid":{"rendered":"https:\/\/elmercuriomanta.ec\/?p=55593"},"modified":"2025-11-15T13:09:40","modified_gmt":"2025-11-15T18:09:40","slug":"uleam-conmemora-40-anos-de-historia-servicio-y-transformacion-en-sesion-solemne-institucional","status":"publish","type":"post","link":"https:\/\/elmercuriomanta.ec\/index.php\/2025\/11\/15\/uleam-conmemora-40-anos-de-historia-servicio-y-transformacion-en-sesion-solemne-institucional\/","title":{"rendered":"ULEAM CONMEMORA 40 A\u00d1OS DE HISTORIA, SERVICIO Y TRANSFORMACI\u00d3N EN SESI\u00d3N SOLEMNE INSTITUCIONAL"},"content":{"rendered":"\n<figure class=\"wp-block-image aligncenter size-large is-resized\"><img fetchpriority=\"high\" decoding=\"async\" width=\"1024\" height=\"682\" src=\"https:\/\/elmercuriomanta.ec\/wp-content\/uploads\/2025\/11\/image-143-1024x682.png\" alt=\"\" class=\"wp-image-55594\" style=\"width:509px;height:auto\" srcset=\"https:\/\/elmercuriomanta.ec\/wp-content\/uploads\/2025\/11\/image-143-1024x682.png 1024w, https:\/\/elmercuriomanta.ec\/wp-content\/uploads\/2025\/11\/image-143-300x200.png 300w, https:\/\/elmercuriomanta.ec\/wp-content\/uploads\/2025\/11\/image-143-768x512.png 768w, https:\/\/elmercuriomanta.ec\/wp-content\/uploads\/2025\/11\/image-143.png 1280w\" sizes=\"(max-width: 1024px) 100vw, 1024px\" \/><\/figure>\n\n\n\n<p>En su representaci\u00f3n intervino el Dr. Fidel M\u00e1rquez, quien destac\u00f3 el crecimiento acad\u00e9mico y cient\u00edfico de la universidad. El presidente del CES, Dr. Pablo Beltr\u00e1n Ayala, Ph.D., tambi\u00e9n dirigi\u00f3 unas palabras y entreg\u00f3 un reconocimiento especial a la ULEAM por su trayectoria.<\/p>\n\n\n\n<p>La ceremonia vivi\u00f3 un momento hist\u00f3rico con la entrega de la Medalla \u201cDr. Medardo Mora Sol\u00f3rzano\u201d, m\u00e1ximo galard\u00f3n institucional, al Dr. Medardo Alfonso Mora Sol\u00f3rzano, Rector Fundador, en reconocimiento a su legado en la educaci\u00f3n superior ecuatoriana.<\/p>\n\n\n\n<p>Asimismo, la universidad otorg\u00f3 el t\u00edtulo de Doctora Honoris Causa a la destacada expresidenta de la Rep\u00fablica, Dra. Rosal\u00eda Arteaga Serrano, exaltada por el Ec. Alberto Dahik Garzozi. Su intervenci\u00f3n emocion\u00f3 al p\u00fablico al expresar \u201dhe recibido muchos Honoris Causa\u2026 pero es la primera vez que recibo un doctorado Honoris Causa en mi pa\u00eds y eso lo llevo en mi coraz\u00f3n\u201d<\/p>\n\n\n\n<p>El evento incluy\u00f3 tambi\u00e9n la proyecci\u00f3n del video institucional \u201cULEAM: 40 a\u00f1os de historia, lucha y transformaci\u00f3n\u201d y el Discurso de Orden del rector, Dr. Marcos Tulio Zambrano Zambrano, Ph.D., quien reafirm\u00f3 que \u201cla historia ya esta escrita y la obra ya esta hecha, solo nos corresponde seguir escribiendo mas p\u00e1ginas de honor y engrandeciendo la obra, sigamos pensando, sigamos trabajando por el bienestarr y el desarrollo de Manab\u00ed y el Ecuador\u201d.<\/p>\n\n\n\n<p>La jornada culmin\u00f3 con un cierre art\u00edstico a cargo del Proyecto de Orquesta Sinf\u00f3nica de Manab\u00ed, Semillero Musarteum ULEAM, interpretando el tradicional pasillo \u201cManab\u00ed\u201d y la celebraci\u00f3n institucional en Plaza Centenario.<\/p>\n\n\n\n<p>La ULEAM agradece a todas las autoridades, docentes, estudiantes, trabajadores, exautoridades e invitados especiales que formaron parte de esta conmemoraci\u00f3n hist\u00f3rica.<\/p>\n\n\n\n<p>\u00a140 a\u00f1os construyendo educaci\u00f3n, cultura, ciencia y futuro para el Ecuador!<\/p>\n","protected":false},"excerpt":{"rendered":"<p>En su representaci\u00f3n intervino el Dr. Fidel M\u00e1rquez, quien destac\u00f3 el crecimiento acad\u00e9mico y cient\u00edfico de la universidad. El presidente del CES, Dr. Pablo Beltr\u00e1n Ayala, Ph.D., tambi\u00e9n dirigi\u00f3 unas palabras y entreg\u00f3 un reconocimiento especial a la ULEAM por su trayectoria.<\/p>\n<p>La ceremonia vivi\u00f3 un momento hist\u00f3rico con la entrega de la Medalla \u201cDr. Medardo Mora Sol\u00f3rzano\u201d, m\u00e1ximo galard\u00f3n institucional, al Dr. Medardo Alfonso Mora Sol\u00f3rzano, Rector Fundador, en reconocimiento a su legado en la educaci\u00f3n superior ecuatoriana.<\/p>\n<p>Asimismo, la universidad otorg\u00f3 el t\u00edtulo de Doctora Honoris Causa a la destacada expresidenta de la Rep\u00fablica, Dra. Rosal\u00eda Arteaga Serrano, exaltada por el Ec. Alberto Dahik Garzozi. Su intervenci\u00f3n emocion\u00f3 al p\u00fablico al expresar \u201dhe recibido muchos Honoris Causa\u2026 pero es la primera vez que recibo un doctorado Honoris Causa en mi pa\u00eds y eso lo llevo en mi coraz\u00f3n\u201d<\/p>\n<p>El evento incluy\u00f3 tambi\u00e9n la proyecci\u00f3n del video institucional \u201cULEAM: 40 a\u00f1os de historia, lucha y transformaci\u00f3n\u201d y el Discurso de Orden del rector, Dr. Marcos Tulio Zambrano Zambrano, Ph.D., quien reafirm\u00f3 que \u201cla historia ya esta escrita y la obra ya esta hecha, solo nos corresponde seguir escribiendo mas p\u00e1ginas de honor y engrandeciendo la obra, sigamos pensando, sigamos trabajando por el bienestarr y el desarrollo de Manab\u00ed y el Ecuador\u201d.<\/p>\n<p>La jornada culmin\u00f3 con un cierre art\u00edstico a cargo del Proyecto de Orquesta Sinf\u00f3nica de Manab\u00ed, Semillero Musarteum ULEAM, interpretando el tradicional pasillo \u201cManab\u00ed\u201d y la celebraci\u00f3n institucional en Plaza Centenario.<\/p>\n<p>La ULEAM agradece a todas las autoridades, docentes, estudiantes, trabajadores, exautoridades e invitados especiales que formaron parte de esta conmemoraci\u00f3n hist\u00f3rica.<\/p>\n<p>\u00a140 a\u00f1os construyendo educaci\u00f3n, cultura, ciencia y futuro para el Ecuador!<\/p>\n","protected":false},"author":12,"featured_media":55594,"comment_status":"open","ping_status":"open","sticky":false,"template":"","format":"standard","meta":{"footnotes":""},"categories":[1],"tags":[38],"class_list":["post-55593","post","type-post","status-publish","format-standard","has-post-thumbnail","hentry","category-uncategorized","tag-manta"],"_links":{"self":[{"href":"https:\/\/elmercuriomanta.ec\/index.php\/wp-json\/wp\/v2\/posts\/55593","targetHints":{"allow":["GET"]}}],"collection":[{"href":"https:\/\/elmercuriomanta.ec\/index.php\/wp-json\/wp\/v2\/posts"}],"about":[{"href":"https:\/\/elmercuriomanta.ec\/index.php\/wp-json\/wp\/v2\/types\/post"}],"author":[{"embeddable":true,"href":"https:\/\/elmercuriomanta.ec\/index.php\/wp-json\/wp\/v2\/users\/12"}],"replies":[{"embeddable":true,"href":"https:\/\/elmercuriomanta.ec\/index.php\/wp-json\/wp\/v2\/comments?post=55593"}],"version-history":[{"count":1,"href":"https:\/\/elmercuriomanta.ec\/index.php\/wp-json\/wp\/v2\/posts\/55593\/revisions"}],"predecessor-version":[{"id":55595,"href":"https:\/\/elmercuriomanta.ec\/index.php\/wp-json\/wp\/v2\/posts\/55593\/revisions\/55595"}],"wp:featuredmedia":[{"embeddable":true,"href":"https:\/\/elmercuriomanta.ec\/index.php\/wp-json\/wp\/v2\/media\/55594"}],"wp:attachment":[{"href":"https:\/\/elmercuriomanta.ec\/index.php\/wp-json\/wp\/v2\/media?parent=55593"}],"wp:term":[{"taxonomy":"category","embeddable":true,"href":"https:\/\/elmercuriomanta.ec\/index.php\/wp-json\/wp\/v2\/categories?post=55593"},{"taxonomy":"post_tag","embeddable":true,"href":"https:\/\/elmercuriomanta.ec\/index.php\/wp-json\/wp\/v2\/tags?post=55593"}],"curies":[{"name":"wp","href":"https:\/\/api.w.org\/{rel}","templated":true}]}}