{"id":55399,"date":"2025-11-12T14:19:00","date_gmt":"2025-11-12T19:19:00","guid":{"rendered":"https:\/\/elmercuriomanta.ec\/?p=55399"},"modified":"2025-11-12T14:29:08","modified_gmt":"2025-11-12T19:29:08","slug":"noboa-exhibe-a-presos-de-alto-perfil-y-anuncia-que-ya-no-seran-intocables","status":"publish","type":"post","link":"https:\/\/elmercuriomanta.ec\/index.php\/2025\/11\/12\/noboa-exhibe-a-presos-de-alto-perfil-y-anuncia-que-ya-no-seran-intocables\/","title":{"rendered":"NOBOA EXHIBE A PRESOS DE ALTO PERFIL Y ANUNCIA QUE \u201cYA NO SER\u00c1N INTOCABLES\u201d"},"content":{"rendered":"\n<figure class=\"wp-block-image size-large is-resized\"><img fetchpriority=\"high\" decoding=\"async\" width=\"1024\" height=\"545\" src=\"https:\/\/elmercuriomanta.ec\/wp-content\/uploads\/2025\/11\/image-116-1024x545.png\" alt=\"\" class=\"wp-image-55400\" style=\"width:349px;height:auto\" srcset=\"https:\/\/elmercuriomanta.ec\/wp-content\/uploads\/2025\/11\/image-116-1024x545.png 1024w, https:\/\/elmercuriomanta.ec\/wp-content\/uploads\/2025\/11\/image-116-300x160.png 300w, https:\/\/elmercuriomanta.ec\/wp-content\/uploads\/2025\/11\/image-116-768x409.png 768w, https:\/\/elmercuriomanta.ec\/wp-content\/uploads\/2025\/11\/image-116.png 1200w\" sizes=\"(max-width: 1024px) 100vw, 1024px\" \/><\/figure>\n\n\n\n<p><strong>Quito, EM.-<\/strong><br>El presidente de la Rep\u00fablica, Daniel Noboa, difundi\u00f3 en sus redes sociales im\u00e1genes de nuevos reclusos llegados a la C\u00e1rcel del Encuentro, el complejo de m\u00e1xima seguridad ubicado en Santa Elena, y escribi\u00f3: \u201cCreyeron que el \u2018Encuentro\u2019 era solo una palabra y que seguir\u00edan siendo intocables. Pero este ya no es el Ecuador de antes. Bienvenidos\u201d. En la serie de observan fotograf\u00edas de Pablo Muentes (exasamble\u00edsta del PSC y uno de los condenados por delincuencia organizada en el caso Purga) y de los criminales conocidos como \u201cInvisible\u201d, \u201cPalanqueta\u201d y \u201cMonstruo de Machala\u201d, que el Gobierno identifica entre los l\u00edderes de bandas delictivas.<\/p>\n\n\n\n<p>Entre los nombres destacados por el Gobierno en los \u00faltimos d\u00edas resalta Carlos Edwin Angulo (alias \u201cInvisible\u201d), sentenciado a 34 a\u00f1os como uno de los responsables del asesinato del exalcalde de Manta, Fernando Villavicencio; \u00c1lvarez Jes\u00fas Monta\u00f1o, alias \u201cPalanqueta\u201d, miembro de Los Lobos condenado a 4 a\u00f1os y 4 meses por su participaci\u00f3n en los motines de 2024.<\/p>\n\n\n\n<p><\/p>\n","protected":false},"excerpt":{"rendered":"<p>Quito, EM.-El presidente de la Rep\u00fablica, Daniel Noboa, difundi\u00f3 en sus redes sociales im\u00e1genes de nuevos reclusos llegados a la C\u00e1rcel del Encuentro, el complejo de m\u00e1xima seguridad ubicado en Santa Elena, y escribi\u00f3: \u201cCreyeron que el \u2018Encuentro\u2019 era solo una palabra y que seguir\u00edan siendo intocables. Pero este ya no es el Ecuador de [&hellip;]<\/p>\n","protected":false},"author":14,"featured_media":0,"comment_status":"open","ping_status":"open","sticky":false,"template":"","format":"standard","meta":{"footnotes":""},"categories":[105,1],"tags":[],"class_list":["post-55399","post","type-post","status-publish","format-standard","hentry","category-noticias","category-uncategorized"],"_links":{"self":[{"href":"https:\/\/elmercuriomanta.ec\/index.php\/wp-json\/wp\/v2\/posts\/55399","targetHints":{"allow":["GET"]}}],"collection":[{"href":"https:\/\/elmercuriomanta.ec\/index.php\/wp-json\/wp\/v2\/posts"}],"about":[{"href":"https:\/\/elmercuriomanta.ec\/index.php\/wp-json\/wp\/v2\/types\/post"}],"author":[{"embeddable":true,"href":"https:\/\/elmercuriomanta.ec\/index.php\/wp-json\/wp\/v2\/users\/14"}],"replies":[{"embeddable":true,"href":"https:\/\/elmercuriomanta.ec\/index.php\/wp-json\/wp\/v2\/comments?post=55399"}],"version-history":[{"count":1,"href":"https:\/\/elmercuriomanta.ec\/index.php\/wp-json\/wp\/v2\/posts\/55399\/revisions"}],"predecessor-version":[{"id":55401,"href":"https:\/\/elmercuriomanta.ec\/index.php\/wp-json\/wp\/v2\/posts\/55399\/revisions\/55401"}],"wp:attachment":[{"href":"https:\/\/elmercuriomanta.ec\/index.php\/wp-json\/wp\/v2\/media?parent=55399"}],"wp:term":[{"taxonomy":"category","embeddable":true,"href":"https:\/\/elmercuriomanta.ec\/index.php\/wp-json\/wp\/v2\/categories?post=55399"},{"taxonomy":"post_tag","embeddable":true,"href":"https:\/\/elmercuriomanta.ec\/index.php\/wp-json\/wp\/v2\/tags?post=55399"}],"curies":[{"name":"wp","href":"https:\/\/api.w.org\/{rel}","templated":true}]}}