{"id":55275,"date":"2025-11-10T15:43:36","date_gmt":"2025-11-10T20:43:36","guid":{"rendered":"https:\/\/elmercuriomanta.ec\/?p=55275"},"modified":"2025-11-10T15:43:36","modified_gmt":"2025-11-10T20:43:36","slug":"cuando-lo-cotidiano-enciende-lo-extraordinario-la-favorita-presenta-su-nueva-imagen-y-la-campana-enciende-tu-version-favorita","status":"publish","type":"post","link":"https:\/\/elmercuriomanta.ec\/index.php\/2025\/11\/10\/cuando-lo-cotidiano-enciende-lo-extraordinario-la-favorita-presenta-su-nueva-imagen-y-la-campana-enciende-tu-version-favorita\/","title":{"rendered":"Cuando lo cotidiano enciende lo extraordinario: La Favorita presenta su nueva imagen y la campa\u00f1a \u201cEnciende tu versi\u00f3n Favorita\u201d"},"content":{"rendered":"\n<figure class=\"wp-block-image size-large\"><img fetchpriority=\"high\" decoding=\"async\" width=\"1024\" height=\"682\" src=\"https:\/\/elmercuriomanta.ec\/wp-content\/uploads\/2025\/11\/image-109-1024x682.png\" alt=\"\" class=\"wp-image-55276\" srcset=\"https:\/\/elmercuriomanta.ec\/wp-content\/uploads\/2025\/11\/image-109-1024x682.png 1024w, https:\/\/elmercuriomanta.ec\/wp-content\/uploads\/2025\/11\/image-109-300x200.png 300w, https:\/\/elmercuriomanta.ec\/wp-content\/uploads\/2025\/11\/image-109-768x512.png 768w, https:\/\/elmercuriomanta.ec\/wp-content\/uploads\/2025\/11\/image-109-1536x1023.png 1536w, https:\/\/elmercuriomanta.ec\/wp-content\/uploads\/2025\/11\/image-109.png 1600w\" sizes=\"(max-width: 1024px) 100vw, 1024px\" \/><\/figure>\n\n\n\n<p><strong>Pie de fotograf\u00eda: De izquierda a derecha: Iv\u00e1n P\u00e9rez, jefe de marca La Favorita; Raphael Vintimilla, gerente de Marketing de la Divisi\u00f3n de Alimentos; y Gaby Espinoza, coordinadora de marca La Favorita de La Fabril.<\/strong><\/p>\n\n\n\n<ul class=\"wp-block-list\">\n<li><strong>La Favorita ha estado presente en la vida de las familias ecuatorianas por tres generaciones, evolucionando junto a ellas y adapt\u00e1ndose a sus necesidades culinarias. En l\u00ednea con esta trayectoria, la marca presenta su nueva imagen y la campa\u00f1a \u201cEnciende tu versi\u00f3n Favorita\u201d, una propuesta que promueve la autenticidad, la pasi\u00f3n y la energ\u00eda que inspiran a dar lo mejor dentro y fuera de la cocina<\/strong><\/li>\n<\/ul>\n\n\n\n<p><strong>Ecuador, noviembre de 2025.-<\/strong> En un momento en que la rutina y el cansancio pueden apagar la creatividad, Aceite La Favorita, marca de La Fabril, presenta su nueva imagen junto con la campa\u00f1a \u201cEnciende tu versi\u00f3n Favorita\u201d. Una propuesta que invita a reconectar con la autenticidad, la pasi\u00f3n y esa chispa interior que impulsa a crear y descubrir nuevas formas de expresi\u00f3n, dentro y fuera de la cocina.<\/p>\n\n\n\n<p>Lejos de centrarse \u00fanicamente en la cocina, esta campa\u00f1a pone el acento en las personas: en sus historias reales, sus esfuerzos cotidianos y en esos momentos imperfectos pero llenos de significado. La cocina se presenta no solo como un espacio funcional, sino como un escenario para crear, explorar nuevas versiones de quienes somos y disfrutar del proceso m\u00e1s all\u00e1 del resultado.<\/p>\n\n\n\n<p><em>\u201cEsta campa\u00f1a va m\u00e1s all\u00e1 de la cocina; representa un prop\u00f3sito: inspirar a cada persona a encender lo mejor de s\u00ed misma. Aunque los resultados no siempre sean los esperados, cada intento tiene valor. Es ese impulso de volver a intentarlo lo que realmente enciende la mejor versi\u00f3n de uno mismo, la versi\u00f3n favorita\u201d<\/em> <strong>se\u00f1ala, Raphael Vintimilla; Gerente de Marketing de la Divisi\u00f3n de Alimentos de La Fabril.<\/strong><\/p>\n\n\n\n<p><strong>Una imagen renovada, con prop\u00f3sito<\/strong>. La nueva identidad visual de La Favorita expresa una marca m\u00e1s cercana, aut\u00e9ntica y llena de energ\u00eda. El redise\u00f1o de su empaque apuesta por un estilo limpio, moderno y atractivo, en sinton\u00eda con un consumidor que valora la calidad y busca una conexi\u00f3n m\u00e1s genuina con las marcas que elige.<\/p>\n\n\n\n<p><strong>Personas reales, historias que inspiran. <\/strong>La campa\u00f1a parte de una verdad sencilla pero poderosa: a veces basta una chispa para encender la llama interior y revelar lo mejor de uno mismo. Ese fuego que desaf\u00eda, apasiona y mueve, conduce a un proceso tan humano como valioso, donde se aprende, se experimenta y se intenta una y otra vez, hasta descubrir las distintas versiones que conviven en cada persona. Inspirada en esta idea, \u201cEnciende tu versi\u00f3n Favorita\u201d da protagonismo a historias reales.<\/p>\n\n\n\n<p><strong>Favopure: Innovaci\u00f3n con prop\u00f3sito. <\/strong>Junto con la nueva imagen, La Favorita presenta su tecnolog\u00eda Favopure, que garantiza pureza, calidad y rendimiento en cada gota de aceite, sin mezclas ni residuos, m\u00e1s saludable y con mejor rendimiento en la cocina, lo cual permite garantizar un producto que responde a las necesidades de las cocinas reales. Su proceso avanzado de refinamiento asegura m\u00e1s pureza, al estar libre de impurezas, sabores u olores extra\u00f1os; m\u00e1s salud, gracias a la eliminaci\u00f3n de grasas trans y compuestos que puedan afectar la calidad; m\u00e1s estabilidad al calor, ya que no se quema f\u00e1cilmente y mantiene su rendimiento en diferentes preparaciones; y m\u00e1s autenticidad, permitiendo que los ingredientes conserven su sabor original, sin alteraciones. Este desarrollo tecnol\u00f3gico refuerza el compromiso de la marca por ofrecer un producto que acompa\u00f1e emocionalmente, pero que tambi\u00e9n cumpla con los m\u00e1s altos est\u00e1ndares de calidad que el consumidor ecuatoriano est\u00e1 en constante b\u00fasqueda.<strong><\/strong><\/p>\n\n\n\n<p><strong>Una comunidad que enciende su versi\u00f3n Favorita d\u00eda a d\u00eda. <\/strong>\u201cEnciende tu versi\u00f3n favorita\u201d es m\u00e1s que una frase: es un llamado a construir comunidad. Una comunidad que valora lo cotidiano, que comparte desde lo real y que encuentra orgullo en lo que tiene y lo que puede crear.Esta campa\u00f1a no busca imponer discursos, sino dar voz a quienes todos los d\u00edas se enfrentan a la vida con una cuchara en la mano y fuego en el coraz\u00f3n. Porque muchas veces, los actos m\u00e1s simples, como cocinar, son los que terminan sacando lo mejor de cada uno.<\/p>\n\n\n\n<p>Con esta nueva imagen y el lanzamiento de la campa\u00f1a \u201cEnciende tu versi\u00f3n Favorita\u201d, la marca Favorita reafirma su compromiso de estar presente en la vida cotidiana de las personas, no solo como un ingrediente esencial en la cocina, sino como un s\u00edmbolo de autenticidad, esfuerzo y conexi\u00f3n emocional. Porque al final, la mejor versi\u00f3n de cada uno no siempre se encuentra en grandes logros, sino en esos peque\u00f1os momentos donde, incluso con lo que hay, se crea algo valioso. Y en ese proceso, La Favorita quiere seguir siendo ese fuego, que inspira, acompa\u00f1a y enciende.<\/p>\n\n\n\n<p><\/p>\n","protected":false},"excerpt":{"rendered":"<p>Pie de fotograf\u00eda: De izquierda a derecha: Iv\u00e1n P\u00e9rez, jefe de marca La Favorita; Raphael Vintimilla, gerente de Marketing de la Divisi\u00f3n de Alimentos; y Gaby Espinoza, coordinadora de marca La Favorita de La Fabril. Ecuador, noviembre de 2025.- En un momento en que la rutina y el cansancio pueden apagar la creatividad, Aceite La [&hellip;]<\/p>\n","protected":false},"author":14,"featured_media":0,"comment_status":"open","ping_status":"open","sticky":false,"template":"","format":"standard","meta":{"footnotes":""},"categories":[1],"tags":[],"class_list":["post-55275","post","type-post","status-publish","format-standard","hentry","category-uncategorized"],"_links":{"self":[{"href":"https:\/\/elmercuriomanta.ec\/index.php\/wp-json\/wp\/v2\/posts\/55275","targetHints":{"allow":["GET"]}}],"collection":[{"href":"https:\/\/elmercuriomanta.ec\/index.php\/wp-json\/wp\/v2\/posts"}],"about":[{"href":"https:\/\/elmercuriomanta.ec\/index.php\/wp-json\/wp\/v2\/types\/post"}],"author":[{"embeddable":true,"href":"https:\/\/elmercuriomanta.ec\/index.php\/wp-json\/wp\/v2\/users\/14"}],"replies":[{"embeddable":true,"href":"https:\/\/elmercuriomanta.ec\/index.php\/wp-json\/wp\/v2\/comments?post=55275"}],"version-history":[{"count":1,"href":"https:\/\/elmercuriomanta.ec\/index.php\/wp-json\/wp\/v2\/posts\/55275\/revisions"}],"predecessor-version":[{"id":55277,"href":"https:\/\/elmercuriomanta.ec\/index.php\/wp-json\/wp\/v2\/posts\/55275\/revisions\/55277"}],"wp:attachment":[{"href":"https:\/\/elmercuriomanta.ec\/index.php\/wp-json\/wp\/v2\/media?parent=55275"}],"wp:term":[{"taxonomy":"category","embeddable":true,"href":"https:\/\/elmercuriomanta.ec\/index.php\/wp-json\/wp\/v2\/categories?post=55275"},{"taxonomy":"post_tag","embeddable":true,"href":"https:\/\/elmercuriomanta.ec\/index.php\/wp-json\/wp\/v2\/tags?post=55275"}],"curies":[{"name":"wp","href":"https:\/\/api.w.org\/{rel}","templated":true}]}}