{"id":55270,"date":"2025-11-10T15:31:32","date_gmt":"2025-11-10T20:31:32","guid":{"rendered":"https:\/\/elmercuriomanta.ec\/?p=55270"},"modified":"2025-11-10T15:31:32","modified_gmt":"2025-11-10T20:31:32","slug":"iran-sufre-su-peor-sequia-de-los-ultimos-60-anos","status":"publish","type":"post","link":"https:\/\/elmercuriomanta.ec\/index.php\/2025\/11\/10\/iran-sufre-su-peor-sequia-de-los-ultimos-60-anos\/","title":{"rendered":"IR\u00c1N SUFRE SU PEOR SEQU\u00cdA DE LOS \u00daLTIMOS 60 A\u00d1OS"},"content":{"rendered":"\n<figure class=\"wp-block-image size-full is-resized\"><img fetchpriority=\"high\" decoding=\"async\" width=\"988\" height=\"743\" src=\"https:\/\/elmercuriomanta.ec\/wp-content\/uploads\/2025\/11\/image-108.png\" alt=\"\" class=\"wp-image-55273\" style=\"width:348px;height:auto\" srcset=\"https:\/\/elmercuriomanta.ec\/wp-content\/uploads\/2025\/11\/image-108.png 988w, https:\/\/elmercuriomanta.ec\/wp-content\/uploads\/2025\/11\/image-108-300x226.png 300w, https:\/\/elmercuriomanta.ec\/wp-content\/uploads\/2025\/11\/image-108-768x578.png 768w\" sizes=\"(max-width: 988px) 100vw, 988px\" \/><\/figure>\n\n\n\n<p>Agencias, EM.-<br>Las reservas de las presas h\u00eddricas en Ir\u00e1n han alcanzado su nivel m\u00e1s bajo en 60 a\u00f1os, en medio de una sequ\u00eda prolongada que amenaza con dejar sin recursos h\u00eddricos a la capital iran\u00ed, lo que preocupa a sus habitantes y ha provocado ya cortes nocturnos.<br>Por primera vez en seis d\u00e9cadas, el pa\u00eds persa atraviesa el sexto a\u00f1o consecutivo de sequ\u00eda, con capacidad muy por debajo del promedio hist\u00f3rico.<br>Seg\u00fan la Compa\u00f1\u00eda de Agua y Alcantarillado de Teher\u00e1n (Abfa), las reservas de las presas que abastecen a la ciudad son de solo el 5 % de su capacidad.<br>En Teher\u00e1n y en otras 20 de las 31 provincias del pa\u00eds, 13 millones de habitantes enfrentan restricciones en el suministro de agua desde septiembre.<br>El Centro Nacional de Predicci\u00f3n Meteorol\u00f3gica de Ir\u00e1n report\u00f3 recientemente que \u2014desde el 23 de septiembre pasado\u2014 las precipitaciones han disminuido en un 85,7 % en el pa\u00eds y en 95,8 % en la capital, en comparaci\u00f3n con el promedio hist\u00f3rico.<\/p>\n\n\n\n<p><\/p>\n","protected":false},"excerpt":{"rendered":"<p>Agencias, EM.-Las reservas de las presas h\u00eddricas en Ir\u00e1n han alcanzado su nivel m\u00e1s bajo en 60 a\u00f1os, en medio de una sequ\u00eda prolongada que amenaza con dejar sin recursos h\u00eddricos a la capital iran\u00ed, lo que preocupa a sus habitantes y ha provocado ya cortes nocturnos.Por primera vez en seis d\u00e9cadas, el pa\u00eds persa [&hellip;]<\/p>\n","protected":false},"author":14,"featured_media":0,"comment_status":"open","ping_status":"open","sticky":false,"template":"","format":"standard","meta":{"footnotes":""},"categories":[1],"tags":[],"class_list":["post-55270","post","type-post","status-publish","format-standard","hentry","category-uncategorized"],"_links":{"self":[{"href":"https:\/\/elmercuriomanta.ec\/index.php\/wp-json\/wp\/v2\/posts\/55270","targetHints":{"allow":["GET"]}}],"collection":[{"href":"https:\/\/elmercuriomanta.ec\/index.php\/wp-json\/wp\/v2\/posts"}],"about":[{"href":"https:\/\/elmercuriomanta.ec\/index.php\/wp-json\/wp\/v2\/types\/post"}],"author":[{"embeddable":true,"href":"https:\/\/elmercuriomanta.ec\/index.php\/wp-json\/wp\/v2\/users\/14"}],"replies":[{"embeddable":true,"href":"https:\/\/elmercuriomanta.ec\/index.php\/wp-json\/wp\/v2\/comments?post=55270"}],"version-history":[{"count":1,"href":"https:\/\/elmercuriomanta.ec\/index.php\/wp-json\/wp\/v2\/posts\/55270\/revisions"}],"predecessor-version":[{"id":55274,"href":"https:\/\/elmercuriomanta.ec\/index.php\/wp-json\/wp\/v2\/posts\/55270\/revisions\/55274"}],"wp:attachment":[{"href":"https:\/\/elmercuriomanta.ec\/index.php\/wp-json\/wp\/v2\/media?parent=55270"}],"wp:term":[{"taxonomy":"category","embeddable":true,"href":"https:\/\/elmercuriomanta.ec\/index.php\/wp-json\/wp\/v2\/categories?post=55270"},{"taxonomy":"post_tag","embeddable":true,"href":"https:\/\/elmercuriomanta.ec\/index.php\/wp-json\/wp\/v2\/tags?post=55270"}],"curies":[{"name":"wp","href":"https:\/\/api.w.org\/{rel}","templated":true}]}}