{"id":55096,"date":"2025-11-06T14:51:26","date_gmt":"2025-11-06T19:51:26","guid":{"rendered":"https:\/\/elmercuriomanta.ec\/?p=55096"},"modified":"2025-11-06T14:51:26","modified_gmt":"2025-11-06T19:51:26","slug":"la-vicepresidenta-maria-jose-pinto-representa-al-pais-en-la-cop-30-en-brasil","status":"publish","type":"post","link":"https:\/\/elmercuriomanta.ec\/index.php\/2025\/11\/06\/la-vicepresidenta-maria-jose-pinto-representa-al-pais-en-la-cop-30-en-brasil\/","title":{"rendered":"La vicepresidenta Mar\u00eda Jos\u00e9 Pinto representa al pa\u00eds en la COP 30 en Brasil"},"content":{"rendered":"\n<figure class=\"wp-block-image size-large is-resized\"><img fetchpriority=\"high\" decoding=\"async\" width=\"1024\" height=\"768\" src=\"https:\/\/elmercuriomanta.ec\/wp-content\/uploads\/2025\/11\/image-69-1024x768.png\" alt=\"\" class=\"wp-image-55097\" style=\"width:368px;height:auto\" srcset=\"https:\/\/elmercuriomanta.ec\/wp-content\/uploads\/2025\/11\/image-69-1024x768.png 1024w, https:\/\/elmercuriomanta.ec\/wp-content\/uploads\/2025\/11\/image-69-300x225.png 300w, https:\/\/elmercuriomanta.ec\/wp-content\/uploads\/2025\/11\/image-69-768x576.png 768w, https:\/\/elmercuriomanta.ec\/wp-content\/uploads\/2025\/11\/image-69-1536x1152.png 1536w, https:\/\/elmercuriomanta.ec\/wp-content\/uploads\/2025\/11\/image-69.png 2048w\" sizes=\"(max-width: 1024px) 100vw, 1024px\" \/><\/figure>\n\n\n\n<p>La vicepresidenta Mar\u00eda Jos\u00e9 Pinto, en representaci\u00f3n del Gobierno del Ecuador, &nbsp;particip\u00f3 en la Cumbre de L\u00edderes de la COP30, el segmento de alto nivel de la Convenci\u00f3n Marco de las Naciones Unidas sobre el Cambio Clim\u00e1tico (CMNUCC), en la ciudad amaz\u00f3nica de Bel\u00e9m do Par\u00e1, en Brasil.<\/p>\n\n\n\n<p>Ecuador reiter\u00f3 su llamado al fortalecimiento del financiamiento clim\u00e1tico, la transferencia tecnol\u00f3gica y la cooperaci\u00f3n cient\u00edfica internacional, como pilares para enfrentar los impactos del cambio clim\u00e1tico. \u201c<em>La Amazon\u00eda no se defiende solo con declaraciones, sino con decisiones reales: cooperaci\u00f3n contra el crimen organizado, protecci\u00f3n de territorios, trabajo con comunidades, educaci\u00f3n que siembra esperanza\u201d,&nbsp;<\/em>agreg\u00f3 la vicepresidenta ecuatoriana.<\/p>\n\n\n\n<p>En su intervenci\u00f3n, tambi\u00e9n subray\u00f3 que,&nbsp;<em>\u201cno hay conservaci\u00f3n si no hay seguridad<\/em>\u201d, por eso es una prioridad trabajar por las ni\u00f1as, ni\u00f1os y adolescentes, que son el futuro de la sostenibilidad.&nbsp;<em>\u201cUn ni\u00f1o que hoy crece sin miedo, ma\u00f1ana ser\u00e1 un adulto que sabr\u00e1 cuidar la tierra. Pero un ni\u00f1o que crece rodeado de violencia, crecer\u00e1 sin posibilidad de amar lo que el mundo quiere que salve. La lucha ambiental no es solo por la tierra. Es por quienes caminar\u00e1n sobre ella\u201d<\/em>, enfatiz\u00f3 la segunda mandataria.<\/p>\n\n\n\n<p><strong>ESTRECHAR LAZOS INTERNACIONALES<\/strong><\/p>\n\n\n\n<p>La vicepresidenta, Mar\u00eda Jos\u00e9 Pinto, mantuvo una reuni\u00f3n bilateral con Lu\u00eds Montenegro, Primer Ministro de Portugal, con el objetivo de avanzar en temas de salud mental y fomentar el intercambio de experiencias y buenas pr\u00e1cticas en este \u00e1mbito. Se estableci\u00f3 el compromiso de un nuevo encuentro en la Cumbre Iberoamericana en Madrid que se llevar\u00e1 a cabo en 2026.<\/p>\n\n\n\n<p>En la primera jornada de la Cumbre de L\u00edderes COP30 en Bel\u00e9m do Par\u00e1 participaron representantes de varios pa\u00edses, entre ellos Su Alteza Alberto II de M\u00f3naco; Guillermo, Pr\u00edncipe de Gales; el cardenal Pietro Parol\u00edn, secretario de estado de El Vaticano, Secretario General de las Naciones Unidas, Ant\u00f3nio Guterres; Dinesh Bhati, &nbsp;Embajador de la India en Brasil y Tanja Fajon, viceprimera ministra de Relaciones Exteriores de Eslovenia.<\/p>\n\n\n\n<p>Con esta representaci\u00f3n, el Gobierno del presidente Daniel Noboa, no solo fortalece relaciones internacionales, sino que reafirma su compromiso con el multilateralismo, la justicia clim\u00e1tica y las generaciones futuras, impulsando una acci\u00f3n clim\u00e1tica que ponga al ser humano y especialmente a las ni\u00f1as, ni\u00f1os y adolescentes, en el centro de la soluci\u00f3n.<\/p>\n\n\n\n<p><\/p>\n","protected":false},"excerpt":{"rendered":"<p>La vicepresidenta Mar\u00eda Jos\u00e9 Pinto, en representaci\u00f3n del Gobierno del Ecuador, &nbsp;particip\u00f3 en la Cumbre de L\u00edderes de la COP30, el segmento de alto nivel de la Convenci\u00f3n Marco de las Naciones Unidas sobre el Cambio Clim\u00e1tico (CMNUCC), en la ciudad amaz\u00f3nica de Bel\u00e9m do Par\u00e1, en Brasil. Ecuador reiter\u00f3 su llamado al fortalecimiento del [&hellip;]<\/p>\n","protected":false},"author":14,"featured_media":0,"comment_status":"open","ping_status":"open","sticky":false,"template":"","format":"standard","meta":{"footnotes":""},"categories":[1],"tags":[],"class_list":["post-55096","post","type-post","status-publish","format-standard","hentry","category-uncategorized"],"_links":{"self":[{"href":"https:\/\/elmercuriomanta.ec\/index.php\/wp-json\/wp\/v2\/posts\/55096","targetHints":{"allow":["GET"]}}],"collection":[{"href":"https:\/\/elmercuriomanta.ec\/index.php\/wp-json\/wp\/v2\/posts"}],"about":[{"href":"https:\/\/elmercuriomanta.ec\/index.php\/wp-json\/wp\/v2\/types\/post"}],"author":[{"embeddable":true,"href":"https:\/\/elmercuriomanta.ec\/index.php\/wp-json\/wp\/v2\/users\/14"}],"replies":[{"embeddable":true,"href":"https:\/\/elmercuriomanta.ec\/index.php\/wp-json\/wp\/v2\/comments?post=55096"}],"version-history":[{"count":1,"href":"https:\/\/elmercuriomanta.ec\/index.php\/wp-json\/wp\/v2\/posts\/55096\/revisions"}],"predecessor-version":[{"id":55098,"href":"https:\/\/elmercuriomanta.ec\/index.php\/wp-json\/wp\/v2\/posts\/55096\/revisions\/55098"}],"wp:attachment":[{"href":"https:\/\/elmercuriomanta.ec\/index.php\/wp-json\/wp\/v2\/media?parent=55096"}],"wp:term":[{"taxonomy":"category","embeddable":true,"href":"https:\/\/elmercuriomanta.ec\/index.php\/wp-json\/wp\/v2\/categories?post=55096"},{"taxonomy":"post_tag","embeddable":true,"href":"https:\/\/elmercuriomanta.ec\/index.php\/wp-json\/wp\/v2\/tags?post=55096"}],"curies":[{"name":"wp","href":"https:\/\/api.w.org\/{rel}","templated":true}]}}