{"id":5475,"date":"2023-09-12T10:59:59","date_gmt":"2023-09-12T15:59:59","guid":{"rendered":"https:\/\/elmercuriomanta.ec\/?p=5475"},"modified":"2023-09-12T11:02:20","modified_gmt":"2023-09-12T16:02:20","slug":"supuesto-explosivo-en-carcel-la-roca-de-guayaquil-fue-dejado-con-un-dron","status":"publish","type":"post","link":"https:\/\/elmercuriomanta.ec\/index.php\/2023\/09\/12\/supuesto-explosivo-en-carcel-la-roca-de-guayaquil-fue-dejado-con-un-dron\/","title":{"rendered":"Supuesto explosivo en c\u00e1rcel La Roca de Guayaquil fue dejado con un dron"},"content":{"rendered":"\n<figure class=\"wp-block-image aligncenter size-large is-resized\"><img fetchpriority=\"high\" decoding=\"async\" src=\"https:\/\/elmercuriomanta.ec\/wp-content\/uploads\/2023\/09\/image-115-1024x574.png\" alt=\"\" class=\"wp-image-5476\" style=\"width:507px;height:284px\" width=\"507\" height=\"284\" srcset=\"https:\/\/elmercuriomanta.ec\/wp-content\/uploads\/2023\/09\/image-115-1024x574.png 1024w, https:\/\/elmercuriomanta.ec\/wp-content\/uploads\/2023\/09\/image-115-300x168.png 300w, https:\/\/elmercuriomanta.ec\/wp-content\/uploads\/2023\/09\/image-115-768x430.png 768w, https:\/\/elmercuriomanta.ec\/wp-content\/uploads\/2023\/09\/image-115.png 1160w\" sizes=\"(max-width: 507px) 100vw, 507px\" \/><\/figure>\n\n\n\n<p>La ma\u00f1ana de este martes 12 de septiembre de 2023, el Servicio Nacional de Atenci\u00f3n a Personas Privadas de la Libertad (SNAI) activ\u00f3 sus protocolos de seguridad ante la amenaza de un artefacto explosivo en la c\u00e1rcel La Roca, en Guayaquil, donde estuvo recluido el l\u00edder de Los Choneros, alias \u2018Fito\u2019. <\/p>\n\n\n\n<p>La instituci\u00f3n inform\u00f3 que, ante el rumor divulgado en redes sociales sobre un \u201cposible incidente\u201d en la c\u00e1rcel 3 de Guayaquil, se procedi\u00f3 con la investigaci\u00f3n del hecho.<\/p>\n\n\n\n<p>Minutos m\u00e1s tarde, el ministro del Interior, Juan Zapata, confirm\u00f3 que en el techo de La Roca se hall\u00f3 el explosivo, y \u201cque pretend\u00eda ser ingresado al lugar\u201d.<\/p>\n\n\n\n<p>Seg\u00fan mostr\u00f3 el Ministro Zapata, el explosivo fue dejado en la c\u00e1rcel usando un dron o veh\u00edculo a\u00e9reo no tripulado. Ante el incidente, el Grupo de Intervenci\u00f3n y Rescate (GIR) de la Polic\u00eda activ\u00f3 los protocolos para verificar el artefacto. <\/p>\n\n\n\n<p>Hasta hace poco, Adolfo Mac\u00edas, alias \u2018Fito\u2019, l\u00edder de Los Choneros, estuvo recluido en La Roca, donde fue trasladado desde la c\u00e1rcel Regional hace un mes. Pero, tras una orden judicial, fue trasladado nuevamente a la c\u00e1rcel Regional, seg\u00fan confirm\u00f3 este martes el ministro de Gobierno, Henry Cucal\u00f3n en una entrevista con Ecuavisa.<\/p>\n\n\n\n<p>Fuente: Primicias<\/p>\n\n\n\n<div class=\"wp-block-essential-blocks-social\"><div class=\"eb-parent-wrapper eb-parent-eb-social-links-3g351na \"><div class=\"eb-social-links-3g351na eb-social-links-wrapper\"><ul class=\"eb-socials\"><li><a class=\"facebook-f-original  \" href=\"\/\/www.facebook.com\/YoSoyElMercurio\/?locale=es_LA\" target=\"_blank\" rel=\"noopener\"><i class=\"hvr-icon eb-social-icon fab fa-facebook-f\"><\/i><\/a><\/li><li><a class=\"twitter-original  \" href=\"\/\/twitter.com\/elmercuriomanta\" target=\"_blank\" rel=\"noopener\"><i class=\"hvr-icon eb-social-icon fab fa-twitter\"><\/i><\/a><\/li><li><a class=\"instagram-original  \" href=\"\/\/www.instagram.com\/elmercuriomanta\/?hl=es\" target=\"_blank\" rel=\"noopener\"><i class=\"hvr-icon eb-social-icon fab fa-instagram\"><\/i><\/a><\/li><\/ul><\/div><\/div><\/div>\n","protected":false},"excerpt":{"rendered":"<p>La ma\u00f1ana de este martes 12 de septiembre de 2023, el Servicio Nacional de Atenci\u00f3n a Personas Privadas de la Libertad (SNAI) activ\u00f3 sus protocolos de seguridad ante la amenaza de un artefacto explosivo en la c\u00e1rcel La Roca, en Guayaquil, donde estuvo recluido el l\u00edder de Los Choneros, alias \u2018Fito\u2019. <\/p>\n","protected":false},"author":1,"featured_media":5476,"comment_status":"open","ping_status":"open","sticky":false,"template":"","format":"standard","meta":{"footnotes":""},"categories":[19],"tags":[],"class_list":["post-5475","post","type-post","status-publish","format-standard","has-post-thumbnail","hentry","category-portada-1"],"_links":{"self":[{"href":"https:\/\/elmercuriomanta.ec\/index.php\/wp-json\/wp\/v2\/posts\/5475","targetHints":{"allow":["GET"]}}],"collection":[{"href":"https:\/\/elmercuriomanta.ec\/index.php\/wp-json\/wp\/v2\/posts"}],"about":[{"href":"https:\/\/elmercuriomanta.ec\/index.php\/wp-json\/wp\/v2\/types\/post"}],"author":[{"embeddable":true,"href":"https:\/\/elmercuriomanta.ec\/index.php\/wp-json\/wp\/v2\/users\/1"}],"replies":[{"embeddable":true,"href":"https:\/\/elmercuriomanta.ec\/index.php\/wp-json\/wp\/v2\/comments?post=5475"}],"version-history":[{"count":2,"href":"https:\/\/elmercuriomanta.ec\/index.php\/wp-json\/wp\/v2\/posts\/5475\/revisions"}],"predecessor-version":[{"id":5478,"href":"https:\/\/elmercuriomanta.ec\/index.php\/wp-json\/wp\/v2\/posts\/5475\/revisions\/5478"}],"wp:featuredmedia":[{"embeddable":true,"href":"https:\/\/elmercuriomanta.ec\/index.php\/wp-json\/wp\/v2\/media\/5476"}],"wp:attachment":[{"href":"https:\/\/elmercuriomanta.ec\/index.php\/wp-json\/wp\/v2\/media?parent=5475"}],"wp:term":[{"taxonomy":"category","embeddable":true,"href":"https:\/\/elmercuriomanta.ec\/index.php\/wp-json\/wp\/v2\/categories?post=5475"},{"taxonomy":"post_tag","embeddable":true,"href":"https:\/\/elmercuriomanta.ec\/index.php\/wp-json\/wp\/v2\/tags?post=5475"}],"curies":[{"name":"wp","href":"https:\/\/api.w.org\/{rel}","templated":true}]}}